{
    "id": 10841,
    "date": "2017-04-27T11:43:59",
    "date_gmt": "2017-04-27T11:43:59",
    "guid": {
        "rendered": "http:\/\/www.annaflores.es\/?page_id=10841"
    },
    "modified": "2026-04-11T14:08:30",
    "modified_gmt": "2026-04-11T12:08:30",
    "slug": "coaching-amb-pnl",
    "status": "publish",
    "type": "page",
    "link": "https:\/\/www.annaflores.es\/ca\/coaching-con-pnl\/",
    "title": {
        "rendered": "Coaching amb PNL - Sessions individuals"
    },
    "content": {
        "rendered": "<p><div class=\"fusion-fullwidth fullwidth-box fusion-builder-row-1 fusion-flex-container nonhundred-percent-fullwidth non-hundred-percent-height-scrolling\" style=\"--awb-border-radius-top-left:0px;--awb-border-radius-top-right:0px;--awb-border-radius-bottom-right:0px;--awb-border-radius-bottom-left:0px;--awb-flex-wrap:wrap;\" ><div class=\"fusion-builder-row fusion-row fusion-flex-align-items-flex-start fusion-flex-content-wrap\" style=\"max-width:1424.8px;margin-left: calc(-4% \/ 2 );margin-right: calc(-4% \/ 2 );\"><div class=\"fusion-layout-column fusion_builder_column fusion-builder-column-0 fusion_builder_column_1_1 1_1 fusion-flex-column\" style=\"--awb-bg-size:cover;--awb-width-large:100%;--awb-margin-top-large:0px;--awb-spacing-right-large:1.92%;--awb-margin-bottom-large:20px;--awb-spacing-left-large:1.92%;--awb-width-medium:100%;--awb-spacing-right-medium:1.92%;--awb-spacing-left-medium:1.92%;--awb-width-small:100%;--awb-spacing-right-small:1.92%;--awb-spacing-left-small:1.92%;\"><div class=\"fusion-column-wrapper fusion-column-has-shadow fusion-flex-justify-content-flex-start fusion-content-layout-column\"><div class=\"fusion-title title fusion-title-1 fusion-title-text fusion-title-size-one\" style=\"--awb-margin-top-small:0px;--awb-margin-right-small:0px;--awb-margin-bottom-small:10px;--awb-margin-left-small:0px;\"><div class=\"title-sep-container title-sep-container-left fusion-no-large-visibility fusion-no-medium-visibility fusion-no-small-visibility\"><div class=\"title-sep sep-double sep-solid\" style=\"border-color:#e0dede;\"><\/div><\/div><span class=\"awb-title-spacer fusion-no-large-visibility fusion-no-medium-visibility fusion-no-small-visibility\"><\/span><h1 class=\"fusion-title-heading title-heading-left fusion-responsive-typography-calculated\" style=\"margin:0;--fontSize:36;line-height:1.4;\">Sessions de Coaching amb PNL<\/h1><span class=\"awb-title-spacer\"><\/span><div class=\"title-sep-container title-sep-container-right\"><div class=\"title-sep sep-double sep-solid\" style=\"border-color:#e0dede;\"><\/div><\/div><\/div><\/div><\/div><\/div><\/div><div class=\"fusion-fullwidth fullwidth-box fusion-builder-row-2 fusion-flex-container nonhundred-percent-fullwidth non-hundred-percent-height-scrolling\" style=\"--awb-border-radius-top-left:0px;--awb-border-radius-top-right:0px;--awb-border-radius-bottom-right:0px;--awb-border-radius-bottom-left:0px;--awb-flex-wrap:wrap;\" ><div class=\"fusion-builder-row fusion-row fusion-flex-align-items-flex-start fusion-flex-content-wrap\" style=\"max-width:1424.8px;margin-left: calc(-4% \/ 2 );margin-right: calc(-4% \/ 2 );\"><div class=\"fusion-layout-column fusion_builder_column fusion-builder-column-1 fusion_builder_column_1_2 1_2 fusion-flex-column\" style=\"--awb-bg-size:cover;--awb-width-large:50%;--awb-margin-top-large:0px;--awb-spacing-right-large:3.84%;--awb-margin-bottom-large:20px;--awb-spacing-left-large:3.84%;--awb-width-medium:100%;--awb-spacing-right-medium:1.92%;--awb-spacing-left-medium:1.92%;--awb-width-small:100%;--awb-spacing-right-small:1.92%;--awb-spacing-left-small:1.92%;\"><div class=\"fusion-column-wrapper fusion-flex-justify-content-flex-start fusion-content-layout-column\"><div class=\"fusion-video fusion-vimeo\" style=\"--awb-max-width:700px;--awb-max-height:350px;\"><div class=\"video-shortcode\"><lite-vimeo videoid=\"1182194737\" class=\"landscape\" params=\"autoplay=1autoplay=0&amp;autopause=0\" title=\"Vimeo v\u00eddeo player 1\" data-button-label=\"Play Video\"  width=\"700\" height=\"350\"><\/lite-vimeo><\/div><\/div><div class=\"fusion-text fusion-text-1\">Aviat publicar\u00e9 aquest v\u00eddeo en catal\u00e0\n<\/div>\n<\/div><\/div><div class=\"fusion-layout-column fusion_builder_column fusion-builder-column-2 fusion_builder_column_1_2 1_2 fusion-flex-column\" style=\"--awb-bg-size:cover;--awb-width-large:50%;--awb-margin-top-large:0px;--awb-spacing-right-large:3.84%;--awb-margin-bottom-large:20px;--awb-spacing-left-large:3.84%;--awb-width-medium:100%;--awb-spacing-right-medium:1.92%;--awb-spacing-left-medium:1.92%;--awb-width-small:100%;--awb-spacing-right-small:1.92%;--awb-spacing-left-small:1.92%;\"><div class=\"fusion-column-wrapper fusion-flex-justify-content-flex-start fusion-content-layout-column\"><div class=\"fusion-text fusion-text-2\" style=\"--awb-text-transform:none;\"><p align=\"justify\">Les <strong>sessions individuals<\/strong> de Coaching amb <a href=\"https:\/\/www.annaflores.es\/pnl\/\" target=\"_blank\" rel=\"noopener\">PNL<\/a> convenen qualsevol persona interessada a millorar algun aspecte de la seva vida.<\/p>\n<p align=\"justify\">El nostre model de treball est\u00e0 basat en l&#039;aplicaci\u00f3 del <a href=\"https:\/\/www.annaflores.es\/curso-coaching-coach-experto-pnl\/\" target=\"_blank\" rel=\"noopener noreferrer\">NLPCoaching \u00a9<\/a> en sessions presencials o per videoconfer\u00e8ncia.<\/p>\n<p align=\"justify\">Aquest model, a m\u00e9s de fusionar ambdues disciplines, Coaching i PNL, permet la incorporaci\u00f3 de la <a href=\"https:\/\/www.annaflores.es\/hipnosis\/\" target=\"_blank\" rel=\"noopener noreferrer\">hipnosi ericksoniana<\/a> quan pot resultar convenient per al client i, aix\u00ed, afavorir que aflori tot el potencial intern del client.<\/p>\n<p align=\"justify\">Amb el <a href=\"https:\/\/www.annaflores.es\/coaching\/\" target=\"_blank\" rel=\"noopener\">Coaching<\/a>, el client posa el focus en el seu objectiu prenent consci\u00e8ncia de la situaci\u00f3 en qu\u00e8 es troba per dissenyar un pla dacci\u00f3 que el porti fins a la meta.<\/p>\n<p align=\"justify\">En aquest proc\u00e9s, el client detecta tant les seves habilitats i capacitats com les dificultats i les limitacions.<\/p>\n<p align=\"justify\">Tot i aix\u00f2, adonar-se de la situaci\u00f3, con\u00e8ixer-la i comprendre-la, de vegades, no \u00e9s combustible suficient per posar en marxa el motor del canvi.<\/p>\n<\/div><\/div><\/div><div class=\"fusion-layout-column fusion_builder_column fusion-builder-column-3 fusion_builder_column_1_1 1_1 fusion-flex-column\" style=\"--awb-bg-size:cover;--awb-width-large:100%;--awb-margin-top-large:0px;--awb-spacing-right-large:1.92%;--awb-margin-bottom-large:20px;--awb-spacing-left-large:1.92%;--awb-width-medium:100%;--awb-order-medium:0;--awb-spacing-right-medium:1.92%;--awb-spacing-left-medium:1.92%;--awb-width-small:100%;--awb-order-small:0;--awb-spacing-right-small:1.92%;--awb-spacing-left-small:1.92%;\"><div class=\"fusion-column-wrapper fusion-column-has-shadow fusion-flex-justify-content-flex-start fusion-content-layout-column\"><div class=\"fusion-text fusion-text-3\" style=\"--awb-text-transform:none;\"><p align=\"justify\">Molts clients manifesten \"Ja s\u00e9 que hauria de fer X, per\u00f2 ... no puc !!!\". En aquest punt \u00e9s quan entra en joc la PNL i la hipnosi. Les t\u00e8cniques de <a href=\"https:\/\/www.annaflores.es\/pnl\/\" target=\"_blank\" rel=\"noopener noreferrer\">PNL<\/a> \"reprogramen\" la ment per eliminar pors, creences limitants, seq\u00fceles d'una experi\u00e8ncia anterior, h\u00e0bits nocius, conductes no beneficioses i bloquejos emocionals. La PNL desactiva els automatismes inconscients i la hipnosi instal.la noves maneres de comportar-se i sentir-se.<\/p>\n<\/div><\/div><\/div><\/div><\/div><div class=\"fusion-fullwidth fullwidth-box fusion-builder-row-3 fusion-flex-container nonhundred-percent-fullwidth non-hundred-percent-height-scrolling\" style=\"--awb-border-radius-top-left:0px;--awb-border-radius-top-right:0px;--awb-border-radius-bottom-right:0px;--awb-border-radius-bottom-left:0px;--awb-flex-wrap:wrap;\" ><div class=\"fusion-builder-row fusion-row fusion-flex-align-items-flex-start fusion-flex-content-wrap\" style=\"max-width:1424.8px;margin-left: calc(-4% \/ 2 );margin-right: calc(-4% \/ 2 );\"><div class=\"fusion-layout-column fusion_builder_column fusion-builder-column-4 fusion_builder_column_1_3 1_3 fusion-flex-column\" style=\"--awb-bg-size:cover;--awb-width-large:33.333333333333%;--awb-margin-top-large:0px;--awb-spacing-right-large:5.76%;--awb-margin-bottom-large:20px;--awb-spacing-left-large:5.76%;--awb-width-medium:100%;--awb-spacing-right-medium:1.92%;--awb-spacing-left-medium:1.92%;--awb-width-small:100%;--awb-spacing-right-small:1.92%;--awb-spacing-left-small:1.92%;\"><div class=\"fusion-column-wrapper fusion-flex-justify-content-flex-start fusion-content-layout-column\"><div class=\"fusion-title title fusion-title-2 fusion-title-text fusion-title-size-two\" style=\"--awb-margin-top-small:0px;--awb-margin-right-small:0px;--awb-margin-bottom-small:10px;--awb-margin-left-small:0px;\"><div class=\"title-sep-container title-sep-container-left fusion-no-large-visibility fusion-no-medium-visibility fusion-no-small-visibility\"><div class=\"title-sep sep-double sep-solid\" style=\"border-color:#e0dede;\"><\/div><\/div><span class=\"awb-title-spacer fusion-no-large-visibility fusion-no-medium-visibility fusion-no-small-visibility\"><\/span><h2 class=\"fusion-title-heading title-heading-left fusion-responsive-typography-calculated\" style=\"margin:0;--fontSize:24;line-height:1.5;\">Per a qu\u00e8 serveixen?<\/h2><span class=\"awb-title-spacer\"><\/span><div class=\"title-sep-container title-sep-container-right\"><div class=\"title-sep sep-double sep-solid\" style=\"border-color:#e0dede;\"><\/div><\/div><\/div><div class=\"fusion-text fusion-text-4\"><p align=\"justify\">Les sessions individuals on line, igual que les presencials, serveixen per a aconseguir qualsevol objectiu relacionat amb estats emocionals, conductes, h\u00e0bits o inseguretats. Per exemple: desenvolupar habilitats socials, reduir l\u2019estr\u00e8s, millorar les relacions, comunicar efica\u00e7ment, augmentar la concentraci\u00f3 en estudis o treball, superar traumes, curar f\u00f2bies, gestionar crisis puntuals (divorci, acomiadament, ex\u00e0mens, presentacions), millorar la gesti\u00f3 del temps, incrementar la seguretat i auto confian\u00e7a, augmentar l\u2019auto estima, deixar de fumar, menjar saludablement\u2026<\/p>\n<\/div><\/div><\/div><div class=\"fusion-layout-column fusion_builder_column fusion-builder-column-5 fusion_builder_column_1_3 1_3 fusion-flex-column\" style=\"--awb-bg-size:cover;--awb-width-large:33.333333333333%;--awb-margin-top-large:0px;--awb-spacing-right-large:5.76%;--awb-margin-bottom-large:20px;--awb-spacing-left-large:5.76%;--awb-width-medium:100%;--awb-spacing-right-medium:1.92%;--awb-spacing-left-medium:1.92%;--awb-width-small:100%;--awb-spacing-right-small:1.92%;--awb-spacing-left-small:1.92%;\"><div class=\"fusion-column-wrapper fusion-flex-justify-content-flex-start fusion-content-layout-column\"><div class=\"fusion-title title fusion-title-3 fusion-title-text fusion-title-size-two\" style=\"--awb-margin-top-small:0px;--awb-margin-right-small:0px;--awb-margin-bottom-small:10px;--awb-margin-left-small:0px;\"><div class=\"title-sep-container title-sep-container-left fusion-no-large-visibility fusion-no-medium-visibility fusion-no-small-visibility\"><div class=\"title-sep sep-double sep-solid\" style=\"border-color:#e0dede;\"><\/div><\/div><span class=\"awb-title-spacer fusion-no-large-visibility fusion-no-medium-visibility fusion-no-small-visibility\"><\/span><h2 class=\"fusion-title-heading title-heading-left fusion-responsive-typography-calculated\" style=\"margin:0;--fontSize:24;line-height:1.5;\">Quantes sessions?<\/h2><span class=\"awb-title-spacer\"><\/span><div class=\"title-sep-container title-sep-container-right\"><div class=\"title-sep sep-double sep-solid\" style=\"border-color:#e0dede;\"><\/div><\/div><\/div><div class=\"fusion-text fusion-text-5\"><p align=\"justify\">\u00c9s dif\u00edcil saber per endavant quant durar\u00e0 un proc\u00e9s concret. En funci\u00f3 de l'objectiu del client, despr\u00e9s de la primera sessi\u00f3, quan hem pogut avaluar el nivell de millora, podem donar una estimaci\u00f3 del nombre de sessions i la seva freq\u00fc\u00e8ncia.\nEl model de sessi\u00f3, ofert per tot l'equip de l'Institut Anna Flores, t\u00e9 una durada d'una hora i mitja i les<a href=\"https:\/\/www.annaflores.es\/anna-flores\/\"> estad\u00edstiques publicades<\/a> a la web (<strong>84% de clients<\/strong> aconsegueixen l\u2019objectiu en menys de <strong>4 sessions<\/strong>) s\u00f3n concretament els resultats de l'Anna Flores sobre la base d'aquesta mena de sessi\u00f3 est\u00e0ndardd.<\/p>\n<\/div><\/div><\/div><div class=\"fusion-layout-column fusion_builder_column fusion-builder-column-6 fusion_builder_column_1_3 1_3 fusion-flex-column\" style=\"--awb-bg-size:cover;--awb-width-large:33.333333333333%;--awb-margin-top-large:0px;--awb-spacing-right-large:5.76%;--awb-margin-bottom-large:20px;--awb-spacing-left-large:5.76%;--awb-width-medium:100%;--awb-spacing-right-medium:1.92%;--awb-spacing-left-medium:1.92%;--awb-width-small:100%;--awb-spacing-right-small:1.92%;--awb-spacing-left-small:1.92%;\"><div class=\"fusion-column-wrapper fusion-flex-justify-content-flex-start fusion-content-layout-column\"><div class=\"fusion-title title fusion-title-4 fusion-title-text fusion-title-size-two\" style=\"--awb-margin-top-small:0px;--awb-margin-right-small:0px;--awb-margin-bottom-small:10px;--awb-margin-left-small:0px;\"><div class=\"title-sep-container title-sep-container-left fusion-no-large-visibility fusion-no-medium-visibility fusion-no-small-visibility\"><div class=\"title-sep sep-double sep-solid\" style=\"border-color:#e0dede;\"><\/div><\/div><span class=\"awb-title-spacer fusion-no-large-visibility fusion-no-medium-visibility fusion-no-small-visibility\"><\/span><h2 class=\"fusion-title-heading title-heading-left fusion-responsive-typography-calculated\" style=\"margin:0;--fontSize:24;line-height:1.5;\">Com sol.licitar-les?<\/h2><span class=\"awb-title-spacer\"><\/span><div class=\"title-sep-container title-sep-container-right\"><div class=\"title-sep sep-double sep-solid\" style=\"border-color:#e0dede;\"><\/div><\/div><\/div><div class=\"fusion-text fusion-text-6\"><p align=\"justify\">Pots escriure'ns des de la p\u00e0gina de contacte o des del bot\u00f3 que trobes a la fi del par\u00e0graf i explica'ns breument quina \u00e9s la q\u00fcesti\u00f3 a treballar. Et contestarem a la major brevetat, amb un l\u00edmit de 48 hores, informant-te de les tarifes de les sessions.<\/p>\n<p align=\"justify\">Quan decideixis seguir endavant,\u00a0 et demanarem que\u00a0 ens confirmis la teva disponibilitat hor\u00e0ria i , d'aquesta manera, podrem oferir-te\u00a0 almenys dues dates possibles\u00a0 perqu\u00e8 tri\u00efs la que et resulti m\u00e9s convenient. Cal tenir en compte que atenem\u00a0 de dilluns a divendres.<\/p>\n<\/div><\/div><\/div><div class=\"fusion-layout-column fusion_builder_column fusion-builder-column-7 fusion_builder_column_1_1 1_1 fusion-flex-column\" style=\"--awb-bg-size:cover;--awb-width-large:100%;--awb-margin-top-large:0px;--awb-spacing-right-large:1.92%;--awb-margin-bottom-large:20px;--awb-spacing-left-large:1.92%;--awb-width-medium:100%;--awb-spacing-right-medium:1.92%;--awb-spacing-left-medium:1.92%;--awb-width-small:100%;--awb-spacing-right-small:1.92%;--awb-spacing-left-small:1.92%;\"><div class=\"fusion-column-wrapper fusion-flex-justify-content-flex-start fusion-content-layout-column\"><div style=\"text-align:center;\"><a class=\"fusion-button button-flat button-xlarge button-custom fusion-button-default button-1 fusion-button-span-yes fusion-button-default-type fusion-has-button-gradient\" style=\"--button_accent_color:#ffffff;--button_accent_hover_color:#ffffff;--button_border_hover_color:#ffffff;--button_gradient_top_color:#345dab;--button_gradient_bottom_color:rgba(52,93,171,0.82);--button_gradient_top_color_hover:#515471;--button_gradient_bottom_color_hover:#515471;\" target=\"_self\" href=\"https:\/\/www.annaflores.es\/contactar-coaching-anna-flores\/\"><span class=\"fusion-button-text awb-button__text awb-button__text--default\">Contacta'ns per a la teva sessi\u00f3<\/span><\/a><\/div><\/div><\/div><\/div><\/div><\/p>",
        "protected": false
    },
    "excerpt": {
        "rendered": "",
        "protected": false
    },
    "author": 2,
    "featured_media": 0,
    "parent": 0,
    "menu_order": 0,
    "comment_status": "closed",
    "ping_status": "closed",
    "template": "",
    "meta": {
        "_acf_changed": false,
        "footnotes": ""
    },
    "class_list": [
        "post-10841",
        "page",
        "type-page",
        "status-publish",
        "hentry"
    ],
    "acf": [],
    "yoast_head": "<!-- This site is optimized with the Yoast SEO Premium plugin v23.9 (Yoast SEO v27.4) - https:\/\/yoast.com\/product\/yoast-seo-premium-wordpress\/ -->\n<title>Coaching amb PNL: Sessions individuals - Institut Anna Flores<\/title>\n<meta name=\"description\" content=\"Les sessions individuals de coaching amb PNL es basen en l&#039;aplicaci\u00f3 de l&#039;NLP Coaching, un model d&#039;acompanyament que fusiona Coaching i PNL.\" \/>\n<meta name=\"robots\" content=\"index, follow, max-snippet:-1, max-image-preview:large, max-video-preview:-1\" \/>\n<link rel=\"canonical\" href=\"https:\/\/www.annaflores.es\/coaching-con-pnl\/\" \/>\n<meta property=\"og:locale\" content=\"ca_ES\" \/>\n<meta property=\"og:type\" content=\"article\" \/>\n<meta property=\"og:title\" content=\"Coaching amb PNL - Sessions individuals\" \/>\n<meta property=\"og:description\" content=\"Les sessions individuals de coaching amb PNL es basen en l&#039;aplicaci\u00f3 de l&#039;NLP Coaching, un model d&#039;acompanyament que fusiona Coaching i PNL.\" \/>\n<meta property=\"og:url\" content=\"https:\/\/www.annaflores.es\/coaching-con-pnl\/\" \/>\n<meta property=\"og:site_name\" content=\"Anna Flores\" \/>\n<meta property=\"article:publisher\" content=\"https:\/\/www.facebook.com\/InstitutCoachingPNLAnnaFlores\/\" \/>\n<meta property=\"article:modified_time\" content=\"2026-04-11T12:08:30+00:00\" \/>\n<meta property=\"og:image\" content=\"https:\/\/www.annaflores.es\/wp-content\/uploads\/AF3.jpg\" \/>\n\t<meta property=\"og:image:width\" content=\"1748\" \/>\n\t<meta property=\"og:image:height\" content=\"1867\" \/>\n\t<meta property=\"og:image:type\" content=\"image\/jpeg\" \/>\n<meta name=\"twitter:card\" content=\"summary_large_image\" \/>\n<meta name=\"twitter:label1\" content=\"Temps estimat de lectura\" \/>\n\t<meta name=\"twitter:data1\" content=\"3 minuts\" \/>\n<!-- \/ Yoast SEO Premium plugin. -->",
    "yoast_head_json": {
        "title": "Coaching amb PNL: Sessions individuals - Institut Anna Flores",
        "description": "Les sessions individuals de coaching amb PNL es basen en l&#039;aplicaci\u00f3 de l&#039;NLP Coaching, un model d&#039;acompanyament que fusiona Coaching i PNL.",
        "robots": {
            "index": "index",
            "follow": "follow",
            "max-snippet": "max-snippet:-1",
            "max-image-preview": "max-image-preview:large",
            "max-video-preview": "max-video-preview:-1"
        },
        "canonical": "https:\/\/www.annaflores.es\/coaching-con-pnl\/",
        "og_locale": "ca_ES",
        "og_type": "article",
        "og_title": "Coaching con PNL - Sesiones individuales",
        "og_description": "Las sesiones individuales de coaching con PNL se basan en la aplicaci\u00f3n del NLP Coaching, un modelo de acompa\u00f1amiento que fusiona Coaching y PNL.",
        "og_url": "https:\/\/www.annaflores.es\/coaching-con-pnl\/",
        "og_site_name": "Anna Flores",
        "article_publisher": "https:\/\/www.facebook.com\/InstitutCoachingPNLAnnaFlores\/",
        "article_modified_time": "2026-04-11T12:08:30+00:00",
        "og_image": [
            {
                "width": 1748,
                "height": 1867,
                "url": "https:\/\/www.annaflores.es\/wp-content\/uploads\/AF3.jpg",
                "type": "image\/jpeg"
            }
        ],
        "twitter_card": "summary_large_image",
        "twitter_misc": {
            "Temps estimat de lectura": "3 minuts"
        },
        "schema": {
            "@context": "https:\/\/schema.org",
            "@graph": [
                {
                    "@type": "WebPage",
                    "@id": "https:\/\/www.annaflores.es\/coaching-con-pnl\/",
                    "url": "https:\/\/www.annaflores.es\/coaching-con-pnl\/",
                    "name": "Coaching amb PNL: Sessions individuals - Institut Anna Flores",
                    "isPartOf": {
                        "@id": "https:\/\/www.annaflores.es\/ca\/#website"
                    },
                    "datePublished": "2017-04-27T11:43:59+00:00",
                    "dateModified": "2026-04-11T12:08:30+00:00",
                    "description": "Les sessions individuals de coaching amb PNL es basen en l&#039;aplicaci\u00f3 de l&#039;NLP Coaching, un model d&#039;acompanyament que fusiona Coaching i PNL.",
                    "breadcrumb": {
                        "@id": "https:\/\/www.annaflores.es\/coaching-con-pnl\/#breadcrumb"
                    },
                    "inLanguage": "ca",
                    "potentialAction": [
                        {
                            "@type": "ReadAction",
                            "target": [
                                "https:\/\/www.annaflores.es\/coaching-con-pnl\/"
                            ]
                        }
                    ]
                },
                {
                    "@type": "BreadcrumbList",
                    "@id": "https:\/\/www.annaflores.es\/coaching-con-pnl\/#breadcrumb",
                    "itemListElement": [
                        {
                            "@type": "ListItem",
                            "position": 1,
                            "name": "Inicio",
                            "item": "https:\/\/annaflores.es\/"
                        },
                        {
                            "@type": "ListItem",
                            "position": 2,
                            "name": "Coaching con PNL &#8211; Sesiones individuales"
                        }
                    ]
                },
                {
                    "@type": "WebSite",
                    "@id": "https:\/\/www.annaflores.es\/ca\/#website",
                    "url": "https:\/\/www.annaflores.es\/ca\/",
                    "name": "Anna Flores",
                    "description": "Cursos de Coaching i PNL a Barcelona",
                    "publisher": {
                        "@id": "https:\/\/www.annaflores.es\/ca\/#organization"
                    },
                    "alternateName": "Institut Anna Flores",
                    "potentialAction": [
                        {
                            "@type": "SearchAction",
                            "target": {
                                "@type": "EntryPoint",
                                "urlTemplate": "https:\/\/www.annaflores.es\/ca\/?s={search_term_string}"
                            },
                            "query-input": {
                                "@type": "PropertyValueSpecification",
                                "valueRequired": true,
                                "valueName": "search_term_string"
                            }
                        }
                    ],
                    "inLanguage": "ca"
                },
                {
                    "@type": "Organization",
                    "@id": "https:\/\/www.annaflores.es\/ca\/#organization",
                    "name": "Institut Anna Flors",
                    "alternateName": "Anna Flores",
                    "url": "https:\/\/www.annaflores.es\/ca\/",
                    "logo": {
                        "@type": "ImageObject",
                        "inLanguage": "ca",
                        "@id": "https:\/\/www.annaflores.es\/ca\/#\/schema\/logo\/image\/",
                        "url": "https:\/\/annaflores.es\/wp-content\/uploads\/IAFCAT-BLAU-MES-INTENS_traspa-e1610467605488.png",
                        "contentUrl": "https:\/\/annaflores.es\/wp-content\/uploads\/IAFCAT-BLAU-MES-INTENS_traspa-e1610467605488.png",
                        "width": 200,
                        "height": 51,
                        "caption": "Instituto Anna Flores"
                    },
                    "image": {
                        "@id": "https:\/\/www.annaflores.es\/ca\/#\/schema\/logo\/image\/"
                    },
                    "sameAs": [
                        "https:\/\/www.facebook.com\/InstitutCoachingPNLAnnaFlores\/",
                        "https:\/\/www.instagram.com\/annafloresinstitut\/",
                        "https:\/\/www.linkedin.com\/in\/annaflorescoaching\/",
                        "https:\/\/www.youtube.com\/c\/InstitutodePNLyCoachingAnnaFlores"
                    ]
                }
            ]
        }
    },
    "_links": {
        "self": [
            {
                "href": "https:\/\/www.annaflores.es\/ca\/wp-json\/wp\/v2\/pages\/10841",
                "targetHints": {
                    "allow": [
                        "GET"
                    ]
                }
            }
        ],
        "collection": [
            {
                "href": "https:\/\/www.annaflores.es\/ca\/wp-json\/wp\/v2\/pages"
            }
        ],
        "about": [
            {
                "href": "https:\/\/www.annaflores.es\/ca\/wp-json\/wp\/v2\/types\/page"
            }
        ],
        "author": [
            {
                "embeddable": true,
                "href": "https:\/\/www.annaflores.es\/ca\/wp-json\/wp\/v2\/users\/2"
            }
        ],
        "replies": [
            {
                "embeddable": true,
                "href": "https:\/\/www.annaflores.es\/ca\/wp-json\/wp\/v2\/comments?post=10841"
            }
        ],
        "version-history": [
            {
                "count": 0,
                "href": "https:\/\/www.annaflores.es\/ca\/wp-json\/wp\/v2\/pages\/10841\/revisions"
            }
        ],
        "wp:attachment": [
            {
                "href": "https:\/\/www.annaflores.es\/ca\/wp-json\/wp\/v2\/media?parent=10841"
            }
        ],
        "curies": [
            {
                "name": "wp",
                "href": "https:\/\/api.w.org\/{rel}",
                "templated": true
            }
        ]
    }
}