{
    "id": 19057,
    "date": "2023-03-13T13:56:04",
    "date_gmt": "2023-03-13T12:56:04",
    "guid": {
        "rendered": "https:\/\/annaflores.es\/?page_id=19057"
    },
    "modified": "2026-04-23T10:42:30",
    "modified_gmt": "2026-04-23T08:42:30",
    "slug": "terapia-reprogramacio-integral-tri-institut-anna-flores",
    "status": "publish",
    "type": "page",
    "link": "https:\/\/www.annaflores.es\/ca\/terapia-reprogramacion-integral-tri-institut-anna-flores\/",
    "title": {
        "rendered": "Ter\u00e0pia de Reprogramaci\u00f3 Integral, TRI\u00ae"
    },
    "content": {
        "rendered": "<p><div class=\"fusion-fullwidth fullwidth-box fusion-builder-row-1 fusion-flex-container has-pattern-background has-mask-background nonhundred-percent-fullwidth non-hundred-percent-height-scrolling\" style=\"--awb-border-radius-top-left:0px;--awb-border-radius-top-right:0px;--awb-border-radius-bottom-right:0px;--awb-border-radius-bottom-left:0px;--awb-flex-wrap:wrap;\" ><div class=\"fusion-builder-row fusion-row fusion-flex-align-items-flex-start fusion-flex-content-wrap\" style=\"max-width:1424.8px;margin-left: calc(-4% \/ 2 );margin-right: calc(-4% \/ 2 );\"><div class=\"fusion-layout-column fusion_builder_column fusion-builder-column-0 fusion_builder_column_1_1 1_1 fusion-flex-column\" style=\"--awb-bg-size:cover;--awb-width-large:100%;--awb-margin-top-large:0px;--awb-spacing-right-large:1.92%;--awb-margin-bottom-large:20px;--awb-spacing-left-large:1.92%;--awb-width-medium:100%;--awb-order-medium:0;--awb-spacing-right-medium:1.92%;--awb-spacing-left-medium:1.92%;--awb-width-small:100%;--awb-order-small:0;--awb-spacing-right-small:1.92%;--awb-spacing-left-small:1.92%;\"><div class=\"fusion-column-wrapper fusion-column-has-shadow fusion-flex-justify-content-flex-start fusion-content-layout-column\"><div class=\"fusion-title title fusion-title-1 fusion-title-text fusion-title-size-one\" style=\"--awb-margin-top-small:0px;--awb-margin-right-small:0px;--awb-margin-bottom-small:10px;--awb-margin-left-small:0px;\"><div class=\"title-sep-container title-sep-container-left fusion-no-large-visibility fusion-no-medium-visibility fusion-no-small-visibility\"><div class=\"title-sep sep-double sep-solid\" style=\"border-color:#e0dede;\"><\/div><\/div><span class=\"awb-title-spacer fusion-no-large-visibility fusion-no-medium-visibility fusion-no-small-visibility\"><\/span><h1 class=\"fusion-title-heading title-heading-left fusion-responsive-typography-calculated\" style=\"margin:0;--fontSize:36;line-height:1.4;\">Ter\u00e0pia de Reprogramaci\u00f3 Integral , TRI\u00ae<\/h1><span class=\"awb-title-spacer\"><\/span><div class=\"title-sep-container title-sep-container-right\"><div class=\"title-sep sep-double sep-solid\" style=\"border-color:#e0dede;\"><\/div><\/div><\/div><\/div><\/div><\/div><\/div><div class=\"fusion-fullwidth fullwidth-box fusion-builder-row-2 fusion-flex-container has-pattern-background has-mask-background nonhundred-percent-fullwidth non-hundred-percent-height-scrolling\" style=\"--awb-border-radius-top-left:0px;--awb-border-radius-top-right:0px;--awb-border-radius-bottom-right:0px;--awb-border-radius-bottom-left:0px;--awb-flex-wrap:wrap;\" ><div class=\"fusion-builder-row fusion-row fusion-flex-align-items-flex-start fusion-flex-content-wrap\" style=\"max-width:1424.8px;margin-left: calc(-4% \/ 2 );margin-right: calc(-4% \/ 2 );\"><div class=\"fusion-layout-column fusion_builder_column fusion-builder-column-1 fusion_builder_column_1_2 1_2 fusion-flex-column\" style=\"--awb-bg-size:cover;--awb-width-large:50%;--awb-margin-top-large:0px;--awb-spacing-right-large:3.84%;--awb-margin-bottom-large:20px;--awb-spacing-left-large:3.84%;--awb-width-medium:100%;--awb-order-medium:0;--awb-spacing-right-medium:1.92%;--awb-spacing-left-medium:1.92%;--awb-width-small:100%;--awb-order-small:0;--awb-spacing-right-small:1.92%;--awb-spacing-left-small:1.92%;\"><div class=\"fusion-column-wrapper fusion-column-has-shadow fusion-flex-justify-content-flex-start fusion-content-layout-column\"><div class=\"fusion-image-element\" style=\"text-align:center;--awb-caption-title-font-family:var(--h2_typography-font-family);--awb-caption-title-font-weight:var(--h2_typography-font-weight);--awb-caption-title-font-style:var(--h2_typography-font-style);--awb-caption-title-size:var(--h2_typography-font-size);--awb-caption-title-transform:var(--h2_typography-text-transform);--awb-caption-title-line-height:var(--h2_typography-line-height);--awb-caption-title-letter-spacing:var(--h2_typography-letter-spacing);\"><span class=\"fusion-imageframe imageframe-none imageframe-1 hover-type-none\"><img decoding=\"async\" width=\"1920\" height=\"1264\" title=\"TER\u00c0PIA REPROGRAMACI\u00d3 INTEGRAL\" src=\"https:\/\/www.annaflores.es\/wp-content\/uploads\/brain-geadba267e_1920.jpg\" data-orig-src=\"https:\/\/www.annaflores.es\/wp-content\/uploads\/brain-geadba267e_1920.jpg\" alt class=\"lazyload img-responsive wp-image-19113\" srcset=\"data:image\/svg+xml,%3Csvg%20xmlns%3D%27http%3A%2F%2Fwww.w3.org%2F2000%2Fsvg%27%20width%3D%271920%27%20height%3D%271264%27%20viewBox%3D%270%200%201920%201264%27%3E%3Crect%20width%3D%271920%27%20height%3D%271264%27%20fill-opacity%3D%220%22%2F%3E%3C%2Fsvg%3E\" data-srcset=\"https:\/\/annaflores.es\/wp-content\/uploads\/brain-geadba267e_1920-200x132.jpg 200w, https:\/\/annaflores.es\/wp-content\/uploads\/brain-geadba267e_1920-400x263.jpg 400w, https:\/\/annaflores.es\/wp-content\/uploads\/brain-geadba267e_1920-600x395.jpg 600w, https:\/\/annaflores.es\/wp-content\/uploads\/brain-geadba267e_1920-800x527.jpg 800w, https:\/\/annaflores.es\/wp-content\/uploads\/brain-geadba267e_1920-1200x790.jpg 1200w, https:\/\/annaflores.es\/wp-content\/uploads\/brain-geadba267e_1920.jpg 1920w\" data-sizes=\"auto\" data-orig-sizes=\"(max-width: 1024px) 100vw, (max-width: 640px) 100vw, 800px\" \/><\/span><\/div><\/div><\/div><div class=\"fusion-layout-column fusion_builder_column fusion-builder-column-2 fusion_builder_column_1_2 1_2 fusion-flex-column\" style=\"--awb-bg-size:cover;--awb-width-large:50%;--awb-margin-top-large:0px;--awb-spacing-right-large:3.84%;--awb-margin-bottom-large:20px;--awb-spacing-left-large:3.84%;--awb-width-medium:100%;--awb-order-medium:0;--awb-spacing-right-medium:1.92%;--awb-spacing-left-medium:1.92%;--awb-width-small:100%;--awb-order-small:0;--awb-spacing-right-small:1.92%;--awb-spacing-left-small:1.92%;\"><div class=\"fusion-column-wrapper fusion-column-has-shadow fusion-flex-justify-content-flex-start fusion-content-layout-column\"><div class=\"fusion-text fusion-text-1\"><p style=\"text-align: justify;\">TRI\u00ae \u00e9s l&#039;abreviatura de Ter\u00e0pia de Reprogramaci\u00f3 Integral, un model de ter\u00e0pia desenvolupat per <a href=\"https:\/\/www.annaflores.es\/anna-flores\/\" target=\"_blank\" rel=\"noopener\">Anna Flores<\/a> despr\u00e9s de d\u00e8cades d&#039;acompanyar clients i empreses com Coach i Formadora en la millora dels resultats. Durant aquesta traject\u00f2ria professional ha estat testimoni de com eines poderos\u00edssimes utilitzades a les seves sessions no donaven el mateix resultat a totes les persones.<\/p>\n<p>Aquest fet l&#039;ha portat a analitzar en profunditat quins canvis podria fer a la feina di\u00e0ria perqu\u00e8 un nombre m\u00e9s gran de persones poguessin beneficiar-se d&#039;un proc\u00e9s curt i r\u00e0pid que generi una aut\u00e8ntica transformaci\u00f3. A les seves sessions amb clients ha anat fent adaptacions amb aquesta intenci\u00f3 des de ja fa uns anys i finalment aix\u00f2 ha desembocat en un nou model d&#039;acompanyament, que ja no \u00e9s <a href=\"https:\/\/www.annaflores.es\/curso-de-coach-certificado-en-pnl\/\" target=\"_blank\" rel=\"noopener\">Coaching amb PNL<\/a>, sin\u00f3 que \u00e9s una Ter\u00e0pia transformacional.<\/p>\n<p>Finalment ha concebut, estructurat i portat a la pr\u00e0ctica aquest nou m\u00e8tode que preparar\u00e0 terapeutes de TRI\u00ae en formacions acreditades. \u00c9s a dir, TRI\u00ae a m\u00e9s d&#039;una ter\u00e0pia aplicada en sessions individuals per l&#039;equip de l&#039;Institut Anna Flores, \u00e9s una formaci\u00f3 certificada amb qu\u00e8 es rep una acreditaci\u00f3 per exercir professionalment la TRI\u00ae<\/p>\n<\/div><div class=\"fusion-builder-row fusion-builder-row-inner fusion-row fusion-flex-align-items-flex-start fusion-flex-content-wrap\" style=\"--awb-flex-grow:0;--awb-flex-grow-medium:0;--awb-flex-grow-small:0;--awb-flex-shrink:0;--awb-flex-shrink-medium:0;--awb-flex-shrink-small:0;width:104% !important;max-width:104% !important;margin-left: calc(-4% \/ 2 );margin-right: calc(-4% \/ 2 );\"><div class=\"fusion-layout-column fusion_builder_column_inner fusion-builder-nested-column-0 fusion_builder_column_inner_1_2 1_2 fusion-flex-column\" style=\"--awb-bg-size:cover;--awb-border-color:#9d87bf;--awb-border-style:solid;--awb-width-large:50%;--awb-margin-top-large:0px;--awb-spacing-right-large:3.84%;--awb-margin-bottom-large:20px;--awb-spacing-left-large:3.84%;--awb-width-medium:100%;--awb-order-medium:0;--awb-spacing-right-medium:1.92%;--awb-spacing-left-medium:1.92%;--awb-width-small:100%;--awb-order-small:0;--awb-spacing-right-small:1.92%;--awb-spacing-left-small:1.92%;\" data-scroll-devices=\"small-visibility,medium-visibility,large-visibility\"><div class=\"fusion-column-wrapper fusion-column-has-shadow fusion-flex-justify-content-flex-start fusion-content-layout-column\"><div ><a class=\"fusion-button button-flat fusion-button-default-size button-custom fusion-button-default button-1 fusion-button-default-span fusion-button-default-type\" style=\"--button_accent_color:#ffffff;--button_accent_hover_color:#ffffff;--button_border_hover_color:#ffffff;--button_gradient_top_color:#7330a3;--button_gradient_bottom_color:#7330a3;--button_gradient_top_color_hover:#515471;--button_gradient_bottom_color_hover:#515471;\" target=\"_blank\" rel=\"noopener noreferrer\" href=\"#programa-sesiones-tri\"><span class=\"fusion-button-text awb-button__text awb-button__text--default\">SESSIONS TRI<\/span><\/a><\/div><\/div><\/div><div class=\"fusion-layout-column fusion_builder_column_inner fusion-builder-nested-column-1 fusion_builder_column_inner_1_2 1_2 fusion-flex-column\" style=\"--awb-bg-size:cover;--awb-width-large:50%;--awb-margin-top-large:0px;--awb-spacing-right-large:3.84%;--awb-margin-bottom-large:20px;--awb-spacing-left-large:3.84%;--awb-width-medium:100%;--awb-order-medium:0;--awb-spacing-right-medium:1.92%;--awb-spacing-left-medium:1.92%;--awb-width-small:100%;--awb-order-small:0;--awb-spacing-right-small:1.92%;--awb-spacing-left-small:1.92%;\" data-scroll-devices=\"small-visibility,medium-visibility,large-visibility\"><div class=\"fusion-column-wrapper fusion-column-has-shadow fusion-flex-justify-content-flex-start fusion-content-layout-column\"><div ><a class=\"fusion-button button-flat fusion-button-default-size button-custom fusion-button-default button-2 fusion-button-default-span fusion-button-default-type\" style=\"--button_accent_color:#ffffff;--button_accent_hover_color:#ffffff;--button_border_hover_color:#ffffff;--button_gradient_top_color:#7330a3;--button_gradient_bottom_color:#7330a3;--button_gradient_top_color_hover:#515471;--button_gradient_bottom_color_hover:#515471;\" target=\"_blank\" rel=\"noopener noreferrer\" href=\"https:\/\/www.annaflores.es\/formacion-de-terapeuta-certificado-en-tri\/\"><span class=\"fusion-button-text awb-button__text awb-button__text--default\">CURSOS DE TRI<\/span><\/a><\/div><\/div><\/div><\/div><\/div><\/div><\/div><\/div><div class=\"fusion-fullwidth fullwidth-box fusion-builder-row-3 fusion-flex-container has-pattern-background has-mask-background nonhundred-percent-fullwidth non-hundred-percent-height-scrolling\" style=\"--awb-border-radius-top-left:0px;--awb-border-radius-top-right:0px;--awb-border-radius-bottom-right:0px;--awb-border-radius-bottom-left:0px;--awb-flex-wrap:wrap;\" ><div class=\"fusion-builder-row fusion-row fusion-flex-align-items-flex-start fusion-flex-content-wrap\" style=\"max-width:1424.8px;margin-left: calc(-4% \/ 2 );margin-right: calc(-4% \/ 2 );\"><div class=\"fusion-layout-column fusion_builder_column fusion-builder-column-3 fusion_builder_column_1_1 1_1 fusion-flex-column\" style=\"--awb-bg-size:cover;--awb-width-large:100%;--awb-margin-top-large:0px;--awb-spacing-right-large:1.92%;--awb-margin-bottom-large:20px;--awb-spacing-left-large:1.92%;--awb-width-medium:100%;--awb-order-medium:0;--awb-spacing-right-medium:1.92%;--awb-spacing-left-medium:1.92%;--awb-width-small:100%;--awb-order-small:0;--awb-spacing-right-small:1.92%;--awb-spacing-left-small:1.92%;\"><div class=\"fusion-column-wrapper fusion-column-has-shadow fusion-flex-justify-content-flex-start fusion-content-layout-column\"><div style=\"text-align:center;\"><a class=\"fusion-button button-flat button-xlarge button-custom fusion-button-default button-3 fusion-button-default-span fusion-button-default-type\" style=\"--button_accent_color:#ffffff;--button_accent_hover_color:#ffffff;--button_border_hover_color:#ffffff;--button_gradient_top_color:#7330a3;--button_gradient_bottom_color:#7330a3;--button_gradient_top_color_hover:#515471;--button_gradient_bottom_color_hover:#515471;\" target=\"_blank\" rel=\"noopener noreferrer\" href=\"https:\/\/www.instagram.com\/annafloresinstitut\/\"><span class=\"fusion-button-text awb-button__text awb-button__text--default\">CONEIX L&#039;EXPERI\u00c8NCIA D&#039;UNA ALUMNA D&#039;ANNA FLORS CERTIFICADA A TRI, SEGUEIX EL DIRECTE D&#039;ISTRAGRAM DILLUNS 4 D&#039;OCTUBRE A LES 10HMBRE A LES 16H.<\/span><\/a><\/div><\/div><\/div><\/div><\/div><div class=\"fusion-fullwidth fullwidth-box fusion-builder-row-4 fusion-flex-container nonhundred-percent-fullwidth non-hundred-percent-height-scrolling\" style=\"--awb-border-radius-top-left:0px;--awb-border-radius-top-right:0px;--awb-border-radius-bottom-right:0px;--awb-border-radius-bottom-left:0px;--awb-flex-wrap:wrap;\" ><div class=\"fusion-builder-row fusion-row fusion-flex-align-items-stretch fusion-flex-justify-content-space-evenly fusion-flex-content-wrap\" style=\"max-width:1424.8px;margin-left: calc(-4% \/ 2 );margin-right: calc(-4% \/ 2 );\"><div class=\"fusion-layout-column fusion_builder_column fusion-builder-column-4 fusion_builder_column_1_1 1_1 fusion-flex-column\" style=\"--awb-bg-size:cover;--awb-width-large:100%;--awb-margin-top-large:0px;--awb-spacing-right-large:1.92%;--awb-margin-bottom-large:20px;--awb-spacing-left-large:1.92%;--awb-width-medium:100%;--awb-order-medium:0;--awb-spacing-right-medium:1.92%;--awb-spacing-left-medium:1.92%;--awb-width-small:100%;--awb-order-small:0;--awb-spacing-right-small:1.92%;--awb-spacing-left-small:1.92%;\"><div class=\"fusion-column-wrapper fusion-column-has-shadow fusion-flex-justify-content-flex-start fusion-content-layout-column\"><div class=\"fusion-title title fusion-title-2 fusion-title-text fusion-title-size-two\" style=\"--awb-margin-top-small:0px;--awb-margin-right-small:0px;--awb-margin-bottom-small:10px;--awb-margin-left-small:0px;\"><div class=\"title-sep-container title-sep-container-left fusion-no-large-visibility fusion-no-medium-visibility fusion-no-small-visibility\"><div class=\"title-sep sep-double sep-solid\" style=\"border-color:#e0dede;\"><\/div><\/div><span class=\"awb-title-spacer fusion-no-large-visibility fusion-no-medium-visibility fusion-no-small-visibility\"><\/span><h2 class=\"fusion-title-heading title-heading-left fusion-responsive-typography-calculated\" style=\"margin:0;--fontSize:24;line-height:1.5;\">Per qu\u00e8 un m\u00e8tode terap\u00e8utic?<\/h2><span class=\"awb-title-spacer\"><\/span><div class=\"title-sep-container title-sep-container-right\"><div class=\"title-sep sep-double sep-solid\" style=\"border-color:#e0dede;\"><\/div><\/div><\/div><\/div><\/div><div class=\"fusion-layout-column fusion_builder_column fusion-builder-column-5 fusion_builder_column_1_2 1_2 fusion-flex-column\" style=\"--awb-bg-size:cover;--awb-width-large:50%;--awb-margin-top-large:0px;--awb-spacing-right-large:3.84%;--awb-margin-bottom-large:20px;--awb-spacing-left-large:3.84%;--awb-width-medium:100%;--awb-order-medium:0;--awb-spacing-right-medium:1.92%;--awb-spacing-left-medium:1.92%;--awb-width-small:100%;--awb-order-small:0;--awb-spacing-right-small:1.92%;--awb-spacing-left-small:1.92%;\"><div class=\"fusion-column-wrapper fusion-column-has-shadow fusion-flex-justify-content-flex-start fusion-content-layout-column\"><div class=\"fusion-text fusion-text-2\"><p>La paraula ter\u00e0pia t\u00e9 origen grec. Procedeix de \u201ctherapeia\u201d i el seu significat \u00e9s \u201ctractament\u201d.<\/p>\n<p>Si llegim al diccionari qu\u00e8 significa ter\u00e0pia podrem llegir moltes definicions. Una definici\u00f3 est\u00e0ndard \u00e9s: tractament emprat en diverses malalties som\u00e0tiques i ps\u00edquiques que t\u00e9 com a finalitat tractar una malaltia o qualsevol altra disfunci\u00f3. I la majoria de vegades el terme ter\u00e0pia est\u00e0 vinculat als tractaments psicol\u00f2gics (psicoter\u00e0pia) i dels quals hi ha molts tipus.<\/p>\n<p>No obstant aix\u00f2, en el context actual on hi ha una infinitat de ter\u00e0pies anomenades alternatives, podem entendre la ter\u00e0pia com un proc\u00e9s de treball interior i evoluci\u00f3 personal. El client que decideix comen\u00e7ar una ter\u00e0pia es compromet amb la seva millora, dedicant temps i energia a con\u00e8ixer-se millor i abandonar all\u00f2 que ja no el beneficia per aconseguir el que desitja.<\/p>\n<p>Qualsevol proc\u00e9s terap\u00e8utic consisteix en una quantitat, espec\u00edfica o no, de sessions amb el terapeuta en qu\u00e8, a trav\u00e9s de la conversa i altres t\u00e8cniques i exercicis, la persona va superant les seves dificultats sent m\u00e9s conscient de les seves pors, dubtes, inseguretats o bloquejos i anar aix\u00ed entenent com s&#039;han anat formant aquests problemes al llarg de la vida.<\/p>\n<p>La ter\u00e0pia possibilita que la persona es vagi coneixent millor i desenvolupi noves maneres de resoldre les seves dificultats. A m\u00e9s, apr\u00e8n a viure el dia a dia d&#039;una manera molt m\u00e9s satisfact\u00f2ria.<\/p>\n<\/div><\/div><\/div><div class=\"fusion-layout-column fusion_builder_column fusion-builder-column-6 fusion_builder_column_1_2 1_2 fusion-flex-column fusion-flex-align-self-stretch\" style=\"--awb-bg-size:cover;--awb-width-large:50%;--awb-margin-top-large:0px;--awb-spacing-right-large:3.84%;--awb-margin-bottom-large:20px;--awb-spacing-left-large:3.84%;--awb-width-medium:100%;--awb-order-medium:0;--awb-spacing-right-medium:1.92%;--awb-spacing-left-medium:1.92%;--awb-width-small:100%;--awb-order-small:0;--awb-spacing-right-small:1.92%;--awb-spacing-left-small:1.92%;\"><div class=\"fusion-column-wrapper fusion-column-has-shadow fusion-flex-justify-content-flex-start fusion-content-layout-column\"><div class=\"fusion-image-element\" style=\"text-align:center;--awb-caption-title-font-family:var(--h2_typography-font-family);--awb-caption-title-font-weight:var(--h2_typography-font-weight);--awb-caption-title-font-style:var(--h2_typography-font-style);--awb-caption-title-size:var(--h2_typography-font-size);--awb-caption-title-transform:var(--h2_typography-text-transform);--awb-caption-title-line-height:var(--h2_typography-line-height);--awb-caption-title-letter-spacing:var(--h2_typography-letter-spacing);\"><span class=\"fusion-imageframe imageframe-none imageframe-2 hover-type-none\"><img decoding=\"async\" width=\"500\" height=\"500\" title=\"TER\u00c0PIA REPROGRAMACI\u00d3 INTEGRAL\" src=\"https:\/\/www.annaflores.es\/wp-content\/uploads\/22.jpg\" data-orig-src=\"https:\/\/www.annaflores.es\/wp-content\/uploads\/22.jpg\" alt class=\"lazyload img-responsive wp-image-19013\" srcset=\"data:image\/svg+xml,%3Csvg%20xmlns%3D%27http%3A%2F%2Fwww.w3.org%2F2000%2Fsvg%27%20width%3D%27500%27%20height%3D%27500%27%20viewBox%3D%270%200%20500%20500%27%3E%3Crect%20width%3D%27500%27%20height%3D%27500%27%20fill-opacity%3D%220%22%2F%3E%3C%2Fsvg%3E\" data-srcset=\"https:\/\/annaflores.es\/wp-content\/uploads\/22-200x200.jpg 200w, https:\/\/annaflores.es\/wp-content\/uploads\/22-400x400.jpg 400w, https:\/\/annaflores.es\/wp-content\/uploads\/22.jpg 500w\" data-sizes=\"auto\" data-orig-sizes=\"(max-width: 1024px) 100vw, (max-width: 640px) 100vw, 500px\" \/><\/span><\/div><\/div><\/div><div class=\"fusion-layout-column fusion_builder_column fusion-builder-column-7 fusion_builder_column_1_1 1_1 fusion-flex-column\" style=\"--awb-bg-size:cover;--awb-width-large:100%;--awb-margin-top-large:0px;--awb-spacing-right-large:1.92%;--awb-margin-bottom-large:20px;--awb-spacing-left-large:1.92%;--awb-width-medium:100%;--awb-order-medium:0;--awb-spacing-right-medium:1.92%;--awb-spacing-left-medium:1.92%;--awb-width-small:100%;--awb-order-small:0;--awb-spacing-right-small:1.92%;--awb-spacing-left-small:1.92%;\"><div class=\"fusion-column-wrapper fusion-column-has-shadow fusion-flex-justify-content-flex-start fusion-content-layout-column\"><div class=\"fusion-text fusion-text-3\"><p style=\"text-align: justify;\">Per\u00f2 la TRI\u00ae vas m\u00e9s enll\u00e0 de l&#039;autoconeixement, perqu\u00e8 con\u00e8ixer-se millor i detectar les dificultats no garanteix que la persona solucioni la problem\u00e0tica. La TRI\u00ae desactiva els programes emocionals i conductuals que, generats per impactes emocionals del passat, obstacles del present o projeccions negatives del futur, l&#039;allunyen de la vida que vol i es mereix.<\/p>\n<p><strong>Ter\u00e0pia: <\/strong>Se centra en la millora de l&#039;estat emocional i els comportaments del client. El terapeuta pot aconsellar i recomanar, no nom\u00e9s preguntar.<br \/>\n\u00c9s responsable de lestructura del programa adequant-lo a les necessitats espec\u00edfiques del client.<\/p>\n<p><strong>Reprogramaci\u00f3<\/strong><strong>n: <\/strong>L&#039;impacte emocional o les repeticions de les sensacions internes, pors i conductes generen automatismes al cervell que de vegades s\u00f3n confosos amb la identitat, ignorant que es poden canviar f\u00e0cilment. La TRI interv\u00e9 en aquesta programaci\u00f3 per desactivar els automatismes negatius i generar nous programes saludables.<\/p>\n<p><strong>Integral: <\/strong>Es treballa de manera global integrant les tres dimensions temporals del client perqu\u00e8 les experi\u00e8ncies negatives del passat o les projeccions no favorables del futur no afectin la realitat actual.<\/p>\n<\/div><\/div><\/div><\/div><\/div><div class=\"fusion-fullwidth fullwidth-box fusion-builder-row-5 fusion-flex-container has-pattern-background has-mask-background nonhundred-percent-fullwidth non-hundred-percent-height-scrolling\" style=\"--awb-border-radius-top-left:0px;--awb-border-radius-top-right:0px;--awb-border-radius-bottom-right:0px;--awb-border-radius-bottom-left:0px;--awb-flex-wrap:wrap;\" ><div class=\"fusion-builder-row fusion-row fusion-flex-align-items-flex-start fusion-flex-content-wrap\" style=\"max-width:1424.8px;margin-left: calc(-4% \/ 2 );margin-right: calc(-4% \/ 2 );\"><div class=\"fusion-layout-column fusion_builder_column fusion-builder-column-8 fusion_builder_column_1_2 1_2 fusion-flex-column\" style=\"--awb-bg-size:cover;--awb-width-large:50%;--awb-margin-top-large:0px;--awb-spacing-right-large:3.84%;--awb-margin-bottom-large:20px;--awb-spacing-left-large:3.84%;--awb-width-medium:100%;--awb-order-medium:0;--awb-spacing-right-medium:1.92%;--awb-spacing-left-medium:1.92%;--awb-width-small:100%;--awb-order-small:0;--awb-spacing-right-small:1.92%;--awb-spacing-left-small:1.92%;\"><div class=\"fusion-column-wrapper fusion-column-has-shadow fusion-flex-justify-content-flex-start fusion-content-layout-column\"><div class=\"fusion-title title fusion-title-3 fusion-title-text fusion-title-size-two\" style=\"--awb-margin-top-small:0px;--awb-margin-right-small:0px;--awb-margin-bottom-small:10px;--awb-margin-left-small:0px;\"><div class=\"title-sep-container title-sep-container-left fusion-no-large-visibility fusion-no-medium-visibility fusion-no-small-visibility\"><div class=\"title-sep sep-double sep-solid\" style=\"border-color:#e0dede;\"><\/div><\/div><span class=\"awb-title-spacer fusion-no-large-visibility fusion-no-medium-visibility fusion-no-small-visibility\"><\/span><h2 class=\"fusion-title-heading title-heading-left fusion-responsive-typography-calculated\" style=\"margin:0;--fontSize:24;line-height:1.5;\">Objectius de la TRI\u00ae<\/h2><span class=\"awb-title-spacer\"><\/span><div class=\"title-sep-container title-sep-container-right\"><div class=\"title-sep sep-double sep-solid\" style=\"border-color:#e0dede;\"><\/div><\/div><\/div><div class=\"fusion-text fusion-text-4\"><p>la <strong>Ter\u00e0pia de Reprogramaci\u00f3 Integral<\/strong> t\u00e9 com a objectiu principal que el client conegui els frens i les limitacions que li estan impedint viure la seva vida tal com desitja.<\/p>\n<p>Cada sessi\u00f3, de les 5 que configuren el proc\u00e9s complet de TRI \u00ae, t\u00e9 una meta espec\u00edfica perqu\u00e8 el client pugui desactivar patrons emocionals i conductuals del present, canviant-ne els efectes negatius de les experi\u00e8ncies passades generadores.<\/p>\n<p>Durant el programa el client va alliberant c\u00e0rrega, connectant amb el seu potencial, entrenant-se en els canvis necessaris per projectar-ne el futur. Com \u00e9s sabut, moltes vegades con\u00e8ixer els passos necessaris que haur\u00edem de fer per millorar la nostra vida no ens d\u00f3na prou impuls per dur-los a terme. Per aix\u00f2, sessi\u00f3 a sessi\u00f3 es van desprogramant els frens passats que li permetin entrenar-se di\u00e0riament. \u00c9s a dir, el client anir\u00e0 introduint petites rutines que, en repetir-les generen nous programes, siguin aquests emocionals, mentals o conductuals.<\/p>\n<p>Per aix\u00f2, per a un client potencial de TRI\u00ae \u00e9s indispensable l&#039;entrenament, la repetici\u00f3 i, per tant, el comprom\u00eds.<\/p>\n<p>Cada sessi\u00f3 del programa t\u00e9 un objectiu espec\u00edfic de la sessi\u00f3, sobretot relacionada amb les fases temporals que tractarem:<\/p>\n<ul>\n<li><strong>Desprogramar automatismes procedents del passat<\/strong><\/li>\n<li><strong>Reprogramar limitacions presents <\/strong><\/li>\n<li><strong>Programar el nou futur desitjat<\/strong><\/li>\n<\/ul>\n<\/div><div class=\"fusion-menu-anchor\" id=\"programa-sesiones-tri\"><\/div><\/div><\/div><div class=\"fusion-layout-column fusion_builder_column fusion-builder-column-9 fusion_builder_column_1_2 1_2 fusion-flex-column\" style=\"--awb-bg-size:cover;--awb-width-large:50%;--awb-margin-top-large:0px;--awb-spacing-right-large:3.84%;--awb-margin-bottom-large:20px;--awb-spacing-left-large:3.84%;--awb-width-medium:100%;--awb-order-medium:0;--awb-spacing-right-medium:1.92%;--awb-spacing-left-medium:1.92%;--awb-width-small:100%;--awb-order-small:0;--awb-spacing-right-small:1.92%;--awb-spacing-left-small:1.92%;\"><div class=\"fusion-column-wrapper fusion-column-has-shadow fusion-flex-justify-content-flex-start fusion-content-layout-column\"><div class=\"fusion-title title fusion-title-4 fusion-title-text fusion-title-size-two\" style=\"--awb-margin-top-small:0px;--awb-margin-right-small:0px;--awb-margin-bottom-small:10px;--awb-margin-left-small:0px;\"><div class=\"title-sep-container title-sep-container-left fusion-no-large-visibility fusion-no-medium-visibility fusion-no-small-visibility\"><div class=\"title-sep sep-double sep-solid\" style=\"border-color:#e0dede;\"><\/div><\/div><span class=\"awb-title-spacer fusion-no-large-visibility fusion-no-medium-visibility fusion-no-small-visibility\"><\/span><h2 class=\"fusion-title-heading title-heading-left fusion-responsive-typography-calculated\" style=\"margin:0;--fontSize:24;line-height:1.5;\">Les claus de l&#039;\u00e8xit de la TRI\u00ae<\/h2><span class=\"awb-title-spacer\"><\/span><div class=\"title-sep-container title-sep-container-right\"><div class=\"title-sep sep-double sep-solid\" style=\"border-color:#e0dede;\"><\/div><\/div><\/div><div class=\"fusion-text fusion-text-5\"><p>Si els pilars de l&#039;\u00e8xit s\u00f3n tres:<\/p>\n<ul>\n<li>Desprogramar automatismes procedents del passat<\/li>\n<li>Reprogramar limitacions presents<\/li>\n<li>Programar el nou futur desitjat<\/li>\n<\/ul>\n<p>Quines s\u00f3n les claus del m\u00e8tode?<\/p>\n<ul>\n<li>Treballar amb l&#039;inconscient del client<\/li>\n<li>El model evolutiu de les 5 \u201cE\u201d<\/li>\n<li>Treballar amb les tres dimensions temporals del client: passat, present i futur<\/li>\n<li>Desactivar patrons de conducta autom\u00e0tics i negatius<\/li>\n<li>Desaprendre estats emocionals negatius<\/li>\n<li>Eliminar bloquejos del passat<\/li>\n<li>No abordar directament les creences limitants per obtenir resultats positius de manera m\u00e9s r\u00e0pida i fiable<\/li>\n<li>Optimitzar els processos interns per canviar els resultats<\/li>\n<li>Eliminar l&#039;origen del problema quan es coneix<\/li>\n<li>Afavorir un estat ple de recursos interns<\/li>\n<li>La implicaci\u00f3 i el comprom\u00eds del client<\/li>\n<li>Exig\u00e8ncia d&#039;acci\u00f3 i repetici\u00f3 per part del client<\/li>\n<li>Durada del proc\u00e9s: 5 sessions<\/li>\n<li>Durada de les sessions, entre 60 i 90 minuts<\/li>\n<li>Freq\u00fc\u00e8ncia de les sessions: quinzenal<\/li>\n<\/ul>\n<\/div><\/div><\/div><\/div><\/div><div class=\"fusion-fullwidth fullwidth-box fusion-builder-row-6 fusion-flex-container has-pattern-background has-mask-background nonhundred-percent-fullwidth non-hundred-percent-height-scrolling\" style=\"--awb-border-radius-top-left:0px;--awb-border-radius-top-right:0px;--awb-border-radius-bottom-right:0px;--awb-border-radius-bottom-left:0px;--awb-flex-wrap:wrap;\" ><div class=\"fusion-builder-row fusion-row fusion-flex-align-items-flex-start fusion-flex-content-wrap\" style=\"max-width:1424.8px;margin-left: calc(-4% \/ 2 );margin-right: calc(-4% \/ 2 );\"><div class=\"fusion-layout-column fusion_builder_column fusion-builder-column-10 fusion_builder_column_1_2 1_2 fusion-flex-column\" style=\"--awb-bg-size:cover;--awb-width-large:50%;--awb-margin-top-large:0px;--awb-spacing-right-large:3.84%;--awb-margin-bottom-large:20px;--awb-spacing-left-large:3.84%;--awb-width-medium:100%;--awb-order-medium:0;--awb-spacing-right-medium:1.92%;--awb-spacing-left-medium:1.92%;--awb-width-small:100%;--awb-order-small:0;--awb-spacing-right-small:1.92%;--awb-spacing-left-small:1.92%;\"><div class=\"fusion-column-wrapper fusion-column-has-shadow fusion-flex-justify-content-flex-start fusion-content-layout-column\"><div class=\"fusion-title title fusion-title-5 fusion-title-text fusion-title-size-two\" style=\"--awb-margin-top-small:0px;--awb-margin-right-small:0px;--awb-margin-bottom-small:10px;--awb-margin-left-small:0px;\"><div class=\"title-sep-container title-sep-container-left fusion-no-large-visibility fusion-no-medium-visibility fusion-no-small-visibility\"><div class=\"title-sep sep-double sep-solid\" style=\"border-color:#e0dede;\"><\/div><\/div><span class=\"awb-title-spacer fusion-no-large-visibility fusion-no-medium-visibility fusion-no-small-visibility\"><\/span><h2 class=\"fusion-title-heading title-heading-left fusion-responsive-typography-calculated\" style=\"margin:0;--fontSize:24;line-height:1.5;\">Programa de sessions de TRI\u00ae<\/h2><span class=\"awb-title-spacer\"><\/span><div class=\"title-sep-container title-sep-container-right\"><div class=\"title-sep sep-double sep-solid\" style=\"border-color:#e0dede;\"><\/div><\/div><\/div><div class=\"fusion-text fusion-text-6\"><p style=\"text-align: justify;\"><img decoding=\"async\" width=\"300\" height=\"300\" class=\"lazyload wp-image-19014 size-medium alignleft\" src=\"https:\/\/www.annaflores.es\/wp-content\/uploads\/23-300x300.jpg\" data-orig-src=\"https:\/\/www.annaflores.es\/wp-content\/uploads\/23-300x300.jpg\" alt=\"\" srcset=\"data:image\/svg+xml,%3Csvg%20xmlns%3D%27http%3A%2F%2Fwww.w3.org%2F2000%2Fsvg%27%20width%3D%27300%27%20height%3D%27300%27%20viewBox%3D%270%200%20300%20300%27%3E%3Crect%20width%3D%27300%27%20height%3D%27300%27%20fill-opacity%3D%220%22%2F%3E%3C%2Fsvg%3E\" data-srcset=\"https:\/\/annaflores.es\/wp-content\/uploads\/23-12x12.jpg 12w, https:\/\/annaflores.es\/wp-content\/uploads\/23-66x66.jpg 66w, https:\/\/annaflores.es\/wp-content\/uploads\/23-150x150.jpg 150w, https:\/\/annaflores.es\/wp-content\/uploads\/23-200x200.jpg 200w, https:\/\/annaflores.es\/wp-content\/uploads\/23-300x300.jpg 300w, https:\/\/annaflores.es\/wp-content\/uploads\/23-400x400.jpg 400w, https:\/\/annaflores.es\/wp-content\/uploads\/23.jpg 500w\" data-sizes=\"auto\" data-orig-sizes=\"(max-width: 300px) 100vw, 300px\" \/>En lloc de referir-nos a les sessions de TRI\u00ae, ens agrada parlar del proc\u00e9s TRI\u00ae, ja que el nostre m\u00e8tode d&#039;acompanyament segueix una estructura espec\u00edfica de 5 sessions, en qu\u00e8 sessi\u00f3 a sessi\u00f3, es van finalitzant etapes concretes perqu\u00e8 la persona client asseu des de la primera sessi\u00f3 que avan\u00e7a en la millora i que va apropant-se a aconseguir com vol sentir-se i com vol actuar en el seu futur desitjat.<\/p>\n<p style=\"text-align: justify;\">La durada de cada sessi\u00f3 oscil\u00b7la entre els 60 i els 90 minuts. Aquest ventall est\u00e0 relacionat amb el compliment de cada meta a cada sessi\u00f3, i no dep\u00e8n del terapeuta sin\u00f3 del client. Com que el terapeuta TRI\u00ae \u00e9s responsable d&#039;ajustar els par\u00e0metres del proc\u00e9s a les necessitats del client.<\/p>\n<p style=\"text-align: justify;\"><strong>Per qu\u00e8 un proc\u00e9s est\u00e0ndard de 5 sessions?<\/strong><\/p>\n<p style=\"text-align: left;\">En les disciplines relacionades amb el desenvolupament personal o l&#039;autoconeixement sol passar que els clients se senten temptats a acabar el proc\u00e9s abans del tancament.<\/p>\n<p style=\"text-align: left;\">Ens expliquem: quan s&#039;utilitzen t\u00e8cniques que faciliten el canvi de programes mentals i emocionals la millora immediata no triga a ser percebuda pel client, per\u00f2 moltes vegades aquesta millora s&#039;ha d&#039;aposentar amb un tancament de proc\u00e9s perqu\u00e8 el client senti que pot liderar la vida sense ajuda externa. Per aix\u00f2 a TRI\u00ae, a la cinquena sessi\u00f3, ens centrem en programar el futur que desitja el client, despr\u00e9s que en les sessions pr\u00e8vies hem desprogramat emocions, sensacions, h\u00e0bits i conductes negatives.<\/p>\n<\/div><\/div><\/div><div class=\"fusion-layout-column fusion_builder_column fusion-builder-column-11 fusion_builder_column_1_2 1_2 fusion-flex-column\" style=\"--awb-bg-size:cover;--awb-width-large:50%;--awb-margin-top-large:0px;--awb-spacing-right-large:3.84%;--awb-margin-bottom-large:20px;--awb-spacing-left-large:3.84%;--awb-width-medium:100%;--awb-order-medium:0;--awb-spacing-right-medium:1.92%;--awb-spacing-left-medium:1.92%;--awb-width-small:100%;--awb-order-small:0;--awb-spacing-right-small:1.92%;--awb-spacing-left-small:1.92%;\"><div class=\"fusion-column-wrapper fusion-column-has-shadow fusion-flex-justify-content-flex-start fusion-content-layout-column\"><div class=\"fusion-title title fusion-title-6 fusion-title-text fusion-title-size-two\" style=\"--awb-margin-top-small:0px;--awb-margin-right-small:0px;--awb-margin-bottom-small:10px;--awb-margin-left-small:0px;\"><div class=\"title-sep-container title-sep-container-left fusion-no-large-visibility fusion-no-medium-visibility fusion-no-small-visibility\"><div class=\"title-sep sep-double sep-solid\" style=\"border-color:#e0dede;\"><\/div><\/div><span class=\"awb-title-spacer fusion-no-large-visibility fusion-no-medium-visibility fusion-no-small-visibility\"><\/span><h2 class=\"fusion-title-heading title-heading-left fusion-responsive-typography-calculated\" style=\"margin:0;--fontSize:24;line-height:1.5;\">Quan conv\u00e9 sessions TRI\u00ae?<\/h2><span class=\"awb-title-spacer\"><\/span><div class=\"title-sep-container title-sep-container-right\"><div class=\"title-sep sep-double sep-solid\" style=\"border-color:#e0dede;\"><\/div><\/div><\/div><div class=\"fusion-text fusion-text-7\"><p style=\"text-align: justify;\">\u00c9s molt recomanable per a qualsevol persona comen\u00e7ar un proc\u00e9s TRI\u00ae quan no est\u00e0 satisfet amb la vida que es viu. Aix\u00f2 pot ser degut a multitud de causes, per\u00f2 la Ter\u00e0pia de Reprogramaci\u00f3 Integral no se centra a trobar-ne les causes, sin\u00f3 les conseq\u00fc\u00e8ncies. Aix\u00f2 no vol dir que no es puguin abordar, per descomptat que es treballen; el que volem dir \u00e9s que hi ha molts clients que sents dificultats en algunes \u00e0rees de la seva vida i en desconeixen els motius; la TRI\u00ae t\u00e9 els mateixos resultats amb \u00e8xit tant si es coneix l&#039;origen del problema com si es desconeix.<\/p>\n<p style=\"text-align: justify;\">Aix\u00f2 \u00e9s degut al fet que la TRI\u00ae utilitza els processos naturals del cervell hum\u00e0, treballant amb les empremtes inconscients, per canviar les xarxes neuronals que ens porta a ser \u00abesclaus\u00bb de la nostra manera de ser.<\/p>\n<p>Les t\u00e8cniques TRI\u00ae desactiven els patrons autom\u00e0tics que ens fan creure que no podem canviar la manera de tenir-nos de comportar-nos o respondre emocionalment a les circumst\u00e0ncies adverses.<\/p>\n<p style=\"text-align: justify;\">Per aix\u00f2 un proc\u00e9s TRI\u00ae \u00e9s molt benefici\u00f3s per a:<\/p>\n<ul>\n<li style=\"text-align: justify;\">Augmentar l&#039;autoestima<\/li>\n<li style=\"text-align: justify;\">Incrementar la seguretat i autoconfian\u00e7a<\/li>\n<li>Eliminar bloquejos emocionals<\/li>\n<li>Canviar comportaments negatius<\/li>\n<li>Desenvolupar noves habilitats comunicatives<\/li>\n<li>Millorar les relacions personals<\/li>\n<li>Eliminar pors<\/li>\n<li>Aconseguir qualsevol fita del client que en depengui completament i que requereixi de transformar certs aspectes personals<\/li>\n<\/ul>\n<p><a href=\"https:\/\/www.annaflores.es\/contactar-coaching-anna-flores\/\" target=\"_blank\" rel=\"noopener\"><span style=\"color: #3366ff;\"><strong>CONTACTA&#039;NS PER SABER M\u00c9S<\/strong><\/span><\/a><\/p>\n<\/div><\/div><\/div><\/div><\/div><div class=\"fusion-fullwidth fullwidth-box fusion-builder-row-7 fusion-flex-container has-pattern-background has-mask-background nonhundred-percent-fullwidth non-hundred-percent-height-scrolling\" style=\"--awb-border-radius-top-left:0px;--awb-border-radius-top-right:0px;--awb-border-radius-bottom-right:0px;--awb-border-radius-bottom-left:0px;--awb-flex-wrap:wrap;\" ><div class=\"fusion-builder-row fusion-row fusion-flex-align-items-flex-start fusion-flex-content-wrap\" style=\"max-width:1424.8px;margin-left: calc(-4% \/ 2 );margin-right: calc(-4% \/ 2 );\"><div class=\"fusion-layout-column fusion_builder_column fusion-builder-column-12 fusion_builder_column_1_1 1_1 fusion-flex-column\" style=\"--awb-bg-size:cover;--awb-width-large:100%;--awb-margin-top-large:0px;--awb-spacing-right-large:1.92%;--awb-margin-bottom-large:20px;--awb-spacing-left-large:1.92%;--awb-width-medium:100%;--awb-order-medium:0;--awb-spacing-right-medium:1.92%;--awb-spacing-left-medium:1.92%;--awb-width-small:100%;--awb-order-small:0;--awb-spacing-right-small:1.92%;--awb-spacing-left-small:1.92%;\"><div class=\"fusion-column-wrapper fusion-column-has-shadow fusion-flex-justify-content-flex-start fusion-content-layout-column\"><div class=\"fusion-tabs fusion-tabs-1 classic nav-is-justified horizontal-tabs icon-position-left mobile-mode-accordion\" style=\"--awb-title-border-radius-top-left:0px;--awb-title-border-radius-top-right:0px;--awb-title-border-radius-bottom-right:0px;--awb-title-border-radius-bottom-left:0px;--awb-alignment:start;--awb-inactive-color:#ebeaea;--awb-background-color:#ffffff;--awb-border-color:#ebeaea;--awb-active-border-color:#515471;\"><div class=\"nav\"><ul class=\"nav-tabs nav-justified\" role=\"tablist\" aria-orientation=\"horizontal\"><li class=\"active\" role=\"presentation\"><a class=\"tab-link\" data-toggle=\"tab\" role=\"tab\" aria-controls=\"tab-6ac4e61ed26685990cd\" aria-selected=\"true\" tabindex=\"0\" id=\"fusion-tab-6ac4e61ed26685990cd\" href=\"#tab-6ac4e61ed26685990cd\"><h2 class=\"fusion-tab-heading\"><i class=\"fontawesome-icon fa-user-check fas\" aria-hidden=\"true\" style=\"font-size:13px;\"><\/i>Qui pot ser client d?un proc\u00e9s TRI\u00ae?<\/h2><\/a><\/li><li  role=\"presentation\"><a class=\"tab-link\" data-toggle=\"tab\" role=\"tab\" aria-controls=\"tab-d2472d0b8513d62816d\" aria-selected=\"false\" tabindex=\"-1\" id=\"fusion-tab-d2472d0b8513d62816d\" href=\"#tab-d2472d0b8513d62816d\"><h2 class=\"fusion-tab-heading\"><i class=\"fontawesome-icon fa-exclamation-circle fas\" aria-hidden=\"true\" style=\"font-size:13px;\"><\/i>A tenir en compte sobre TRI\u00ae<\/h2><\/a><\/li><\/ul><\/div><div class=\"tab-content\"><div class=\"nav fusion-mobile-tab-nav\"><ul class=\"nav-tabs nav-justified\" role=\"tablist\" aria-orientation=\"horizontal\"><li class=\"active\" role=\"presentation\"><a class=\"tab-link\" data-toggle=\"tab\" role=\"tab\" aria-controls=\"tab-6ac4e61ed26685990cd\" aria-selected=\"true\" tabindex=\"0\" id=\"mobile-fusion-tab-6ac4e61ed26685990cd\" href=\"#tab-6ac4e61ed26685990cd\"><h2 class=\"fusion-tab-heading\"><i class=\"fontawesome-icon fa-user-check fas\" aria-hidden=\"true\" style=\"font-size:13px;\"><\/i>Qui pot ser client d?un proc\u00e9s TRI\u00ae?<\/h2><\/a><\/li><\/ul><\/div><div class=\"tab-pane fade fusion-clearfix in active\" role=\"tabpanel\" tabindex=\"0\" aria-labelledby=\"fusion-tab-6ac4e61ed26685990cd\" id=\"tab-6ac4e61ed26685990cd\">\n<p>TRI\u00ae \u00e9s una ter\u00e0pia per generar canvis profunds i duradors a la vida de qualsevol persona per millorar-la. No obstant aix\u00f2, a TRI\u00ae no es tracten les malalties f\u00edsiques ni trastorns de salut mental, per aix\u00f2 les persones a qui un proc\u00e9s TRI\u00ae els \u00e9s molt convenient s\u00f3n totes aquelles persones sanes que volen gestionar les seves emocions de manera positiva, transformar patrons de comportament o eliminar bloquejos espec\u00edfics.<\/p>\n<p>Per aix\u00f2 un proc\u00e9s de TRI\u00ae pot ser molt benefici\u00f3s per a:<\/p>\n<ul>\n<li>Qualsevol persona sana que vulgui resoldre problemes relacionats amb el seu estat emocional<\/li>\n<li>Qualsevol persona sana que vulgui eliminar bloquejos o pors<\/li>\n<li>Qualsevol persona sana que vulgui desenvolupar noves habilitats<\/li>\n<li>Qualsevol persona que es plantegi assolir un objectiu que depengui enterament d&#039;ella mateixa<\/li>\n<li>Qualsevol persona que no estigui enfocada nom\u00e9s als perqu\u00e8s de la seva vida actual per\u00f2 vulgui transformar-la<\/li>\n<li>Qualsevol persona que estigui disposada a entrenar noves conductes i estats interns fins a la creaci\u00f3 de nous programes<\/li>\n<li>Qualsevol persona sana que vulgui evolucionar<\/li>\n<\/ul>\n<\/div><div class=\"nav fusion-mobile-tab-nav\"><ul class=\"nav-tabs nav-justified\" role=\"tablist\" aria-orientation=\"horizontal\"><li  role=\"presentation\"><a class=\"tab-link\" data-toggle=\"tab\" role=\"tab\" aria-controls=\"tab-d2472d0b8513d62816d\" aria-selected=\"false\" tabindex=\"-1\" id=\"mobile-fusion-tab-d2472d0b8513d62816d\" href=\"#tab-d2472d0b8513d62816d\"><h2 class=\"fusion-tab-heading\"><i class=\"fontawesome-icon fa-exclamation-circle fas\" aria-hidden=\"true\" style=\"font-size:13px;\"><\/i>A tenir en compte sobre TRI\u00ae<\/h2><\/a><\/li><\/ul><\/div><div class=\"tab-pane fade fusion-clearfix\" role=\"tabpanel\" tabindex=\"0\" aria-labelledby=\"fusion-tab-d2472d0b8513d62816d\" id=\"tab-d2472d0b8513d62816d\">\n<p>\u00c9s una disciplina que no nom\u00e9s t\u00e9 en compte tota l&#039;extensi\u00f3 temporal de la persona sin\u00f3 tamb\u00e9 les dimensions f\u00edsica, mental i emocional relacionades amb la identitat<\/p>\n<p><strong>F\u00edsica:<\/strong><\/p>\n<ul>\n<li>No biol\u00f2gica. No es treballa amb el funcionament del cos f\u00edsic<\/li>\n<li>No es tracten dolors ni malalties<\/li>\n<li>S&#039;enfoca a les sensacions f\u00edsiques internes generades per les experi\u00e8ncies<\/li>\n<\/ul>\n<p><strong>Mental:<\/strong><\/p>\n<ul>\n<li>No psicol\u00f2gica. A TRI\u00ae no ens formem en psicologia i no tractem la salut mental<\/li>\n<li>S&#039;enfoca com certs patrons de pensament han generat programes emocionals i conductuals que no s\u00f3n beneficiosos<\/li>\n<li>Es treballa amb els programes autom\u00e0tics canviant les xarxes neuronals associades<\/li>\n<\/ul>\n<p><strong>\u00a0<\/strong><strong>Emocional:<\/strong><\/p>\n<ul>\n<li>Des de l&#039;origen de l&#039;emoci\u00f3 generadora del programa<\/li>\n<li>No nom\u00e9s des del seu coneixement, sin\u00f3 des de la seva transformaci\u00f3<\/li>\n<li>Afectant les sensacions internes<\/li>\n<\/ul>\n<\/div><\/div><\/div><\/div><\/div><\/div><\/div><div class=\"fusion-fullwidth fullwidth-box fusion-builder-row-8 fusion-flex-container nonhundred-percent-fullwidth non-hundred-percent-height-scrolling\" style=\"--awb-border-radius-top-left:0px;--awb-border-radius-top-right:0px;--awb-border-radius-bottom-right:0px;--awb-border-radius-bottom-left:0px;--awb-flex-wrap:wrap;\" ><div class=\"fusion-builder-row fusion-row fusion-flex-align-items-flex-start fusion-flex-content-wrap\" style=\"max-width:1424.8px;margin-left: calc(-4% \/ 2 );margin-right: calc(-4% \/ 2 );\"><div class=\"fusion-layout-column fusion_builder_column fusion-builder-column-13 fusion_builder_column_1_1 1_1 fusion-flex-column\" style=\"--awb-bg-size:cover;--awb-width-large:100%;--awb-margin-top-large:0px;--awb-spacing-right-large:1.92%;--awb-margin-bottom-large:20px;--awb-spacing-left-large:1.92%;--awb-width-medium:100%;--awb-order-medium:0;--awb-spacing-right-medium:1.92%;--awb-spacing-left-medium:1.92%;--awb-width-small:100%;--awb-order-small:0;--awb-spacing-right-small:1.92%;--awb-spacing-left-small:1.92%;\"><div class=\"fusion-column-wrapper fusion-column-has-shadow fusion-flex-justify-content-flex-start fusion-content-layout-column\">\n<h2 style=\"text-align: center;\">Programa de Sessions TRI\u00ae<\/h2>\n<\/div><\/div><\/div><\/div><div class=\"fusion-fullwidth fullwidth-box fusion-builder-row-9 fusion-flex-container nonhundred-percent-fullwidth non-hundred-percent-height-scrolling\" style=\"--awb-border-radius-top-left:0px;--awb-border-radius-top-right:0px;--awb-border-radius-bottom-right:0px;--awb-border-radius-bottom-left:0px;--awb-flex-wrap:wrap;\" ><div class=\"fusion-builder-row fusion-row fusion-flex-align-items-flex-start fusion-flex-content-wrap\" style=\"max-width:1424.8px;margin-left: calc(-4% \/ 2 );margin-right: calc(-4% \/ 2 );\"><div class=\"fusion-layout-column fusion_builder_column fusion-builder-column-14 fusion_builder_column_1_1 1_1 fusion-flex-column\" style=\"--awb-bg-size:cover;--awb-width-large:100%;--awb-margin-top-large:0px;--awb-spacing-right-large:1.92%;--awb-margin-bottom-large:20px;--awb-spacing-left-large:1.92%;--awb-width-medium:100%;--awb-order-medium:0;--awb-spacing-right-medium:1.92%;--awb-spacing-left-medium:1.92%;--awb-width-small:100%;--awb-order-small:0;--awb-spacing-right-small:1.92%;--awb-spacing-left-small:1.92%;\"><div class=\"fusion-column-wrapper fusion-column-has-shadow fusion-flex-justify-content-flex-start fusion-content-layout-column\"><div class=\"fusion-title title fusion-title-7 fusion-title-text fusion-title-size-two\" style=\"--awb-margin-top-small:0px;--awb-margin-right-small:0px;--awb-margin-bottom-small:10px;--awb-margin-left-small:0px;\"><div class=\"title-sep-container title-sep-container-left fusion-no-large-visibility fusion-no-medium-visibility fusion-no-small-visibility\"><div class=\"title-sep sep-double sep-solid\" style=\"border-color:#e0dede;\"><\/div><\/div><span class=\"awb-title-spacer fusion-no-large-visibility fusion-no-medium-visibility fusion-no-small-visibility\"><\/span><h2 class=\"fusion-title-heading title-heading-left fusion-responsive-typography-calculated\" style=\"margin:0;--fontSize:24;line-height:1.5;\">Etapes del proc\u00e9s de 5 sessions TRI\u00ae<\/h2><span class=\"awb-title-spacer\"><\/span><div class=\"title-sep-container title-sep-container-right\"><div class=\"title-sep sep-double sep-solid\" style=\"border-color:#e0dede;\"><\/div><\/div><\/div><div class=\"fusion-text fusion-text-8\"><p style=\"text-align: justify;\"><img decoding=\"async\" class=\"lazyload size-full wp-image-19022 alignleft\" src=\"https:\/\/www.annaflores.es\/wp-content\/uploads\/33.jpg\" data-orig-src=\"https:\/\/www.annaflores.es\/wp-content\/uploads\/33.jpg\" alt=\"\" width=\"500\" height=\"500\" srcset=\"data:image\/svg+xml,%3Csvg%20xmlns%3D%27http%3A%2F%2Fwww.w3.org%2F2000%2Fsvg%27%20width%3D%27500%27%20height%3D%27500%27%20viewBox%3D%270%200%20500%20500%27%3E%3Crect%20width%3D%27500%27%20height%3D%27500%27%20fill-opacity%3D%220%22%2F%3E%3C%2Fsvg%3E\" data-srcset=\"https:\/\/annaflores.es\/wp-content\/uploads\/33-12x12.jpg 12w, https:\/\/annaflores.es\/wp-content\/uploads\/33-66x66.jpg 66w, https:\/\/annaflores.es\/wp-content\/uploads\/33-150x150.jpg 150w, https:\/\/annaflores.es\/wp-content\/uploads\/33-200x200.jpg 200w, https:\/\/annaflores.es\/wp-content\/uploads\/33-300x300.jpg 300w, https:\/\/annaflores.es\/wp-content\/uploads\/33-400x400.jpg 400w, https:\/\/annaflores.es\/wp-content\/uploads\/33.jpg 500w\" data-sizes=\"auto\" data-orig-sizes=\"(max-width: 500px) 100vw, 500px\" \/>Hi ha diferents fases en el desenvolupament del proc\u00e9s TRI\u00ae, que t\u00e9 una durada de 5 sessions i etapes etapes diferents.<\/p>\n<p style=\"text-align: justify;\"><strong>Primera etapa:<br \/>\n<\/strong>Aquesta primera etapa es desenvolupa enterament durant la primera sessi\u00f3. En qu\u00e8 se signa el contracte TRI\u00ae , que \u00e9s un acord entre terapeuta i client, on consten totes les condicions per a la ter\u00e0pia i es fixen les bases del programa utilitzant eines i avaluaci\u00f3 de la situaci\u00f3 de la persona client amb la intenci\u00f3, de preparar el treball de les sessions seg\u00fcents.<\/p>\n<p style=\"text-align: justify;\"><strong>Segona etapa:<br \/>\n<\/strong>En aquesta etapa de desprograma els automatismes generats per episodis viscuts en el passat, ja que s\u00f3n els causants que el cervell respongui inconscientment de la manera que ho fa. Aquesta etapa t\u00e9 una durada de tres sessions i acostumen a ser la segona, la tercera i la quarta. Durant totes es treballa la reprogramaci\u00f3 de la situaci\u00f3 present gr\u00e0cies a l&#039;entrenament personal que el terapeuta recomana al client per treballar en paral\u00b7lel abans d&#039;abordar la programaci\u00f3 del futur desitjat.<\/p>\n<p style=\"text-align: justify;\"><strong>Tercera etapa:<br \/>\n<\/strong>\u00c9s la fase de tancament, la cinquena sessi\u00f3, en qu\u00e8 s&#039;instal\u00b7la el nou futur desitjat. Aquest futur \u00e9s el que ha portat la persona client a la ter\u00e0pia: el desig de tenir una merescuda vida i de comprometre&#039;s amb ella. De manera que despr\u00e9s d&#039;haver desprogramat el passat i reprogramat el present es programes el futur perqu\u00e8 el client acabi el proc\u00e9s no nom\u00e9s amb una gesti\u00f3 emocional saludable i amb els comportaments beneficiosos per a la seva satisfacci\u00f3, sin\u00f3 amb els recursos propis per evolucionar a la seva vida amb el sentiment de controlar-la i liderar-la.<br \/>\n<a href=\"https:\/\/www.annaflores.es\/contactar-coaching-anna-flores\/\" target=\"_blank\" rel=\"noopener\"><span style=\"color: #3366ff;\"><strong>CONTACTA PER AL TEU PROC\u00c9S TRI<\/strong><\/span><\/a><\/p>\n<\/div><\/div><\/div><\/div><\/div><div class=\"fusion-fullwidth fullwidth-box fusion-builder-row-10 fusion-flex-container nonhundred-percent-fullwidth non-hundred-percent-height-scrolling\" style=\"--awb-border-radius-top-left:0px;--awb-border-radius-top-right:0px;--awb-border-radius-bottom-right:0px;--awb-border-radius-bottom-left:0px;--awb-flex-wrap:wrap;\" ><div class=\"fusion-builder-row fusion-row fusion-flex-align-items-flex-start fusion-flex-content-wrap\" style=\"max-width:1424.8px;margin-left: calc(-4% \/ 2 );margin-right: calc(-4% \/ 2 );\"><div class=\"fusion-layout-column fusion_builder_column fusion-builder-column-15 fusion_builder_column_1_1 1_1 fusion-flex-column\" style=\"--awb-bg-size:cover;--awb-width-large:100%;--awb-margin-top-large:0px;--awb-spacing-right-large:1.92%;--awb-margin-bottom-large:20px;--awb-spacing-left-large:1.92%;--awb-width-medium:100%;--awb-order-medium:0;--awb-spacing-right-medium:1.92%;--awb-spacing-left-medium:1.92%;--awb-width-small:100%;--awb-order-small:0;--awb-spacing-right-small:1.92%;--awb-spacing-left-small:1.92%;\"><div class=\"fusion-column-wrapper fusion-column-has-shadow fusion-flex-justify-content-flex-start fusion-content-layout-column\"><div class=\"fusion-title title fusion-title-8 fusion-title-text fusion-title-size-two\" style=\"--awb-margin-top-small:0px;--awb-margin-right-small:0px;--awb-margin-bottom-small:10px;--awb-margin-left-small:0px;\"><div class=\"title-sep-container title-sep-container-left fusion-no-large-visibility fusion-no-medium-visibility fusion-no-small-visibility\"><div class=\"title-sep sep-double sep-solid\" style=\"border-color:#e0dede;\"><\/div><\/div><span class=\"awb-title-spacer fusion-no-large-visibility fusion-no-medium-visibility fusion-no-small-visibility\"><\/span><h2 class=\"fusion-title-heading title-heading-left fusion-responsive-typography-calculated\" style=\"margin:0;--fontSize:24;line-height:1.5;\">Formacions de TRI\u00ae<\/h2><span class=\"awb-title-spacer\"><\/span><div class=\"title-sep-container title-sep-container-right\"><div class=\"title-sep sep-double sep-solid\" style=\"border-color:#e0dede;\"><\/div><\/div><\/div><div class=\"fusion-text fusion-text-9\"><p>La Ter\u00e0pia de Reprogramaci\u00f3 Integral, TRI\u00ae, \u00e9s un m\u00e8tode que es pot aprendre per dedicar-se professionalment a acompanyar altres persones. La TRI\u00ae proposa una formaci\u00f3 base acreditada que es pot anar complementant amb cursos i tallers complementaris d&#039;especialitzaci\u00f3.<\/p>\n<p>La formaci\u00f3 per acreditar-se com a terapeuta de Ter\u00e0pia de Reprogramaci\u00f3 Integral \u00e9s Certificaci\u00f3 a TRI\u00ae. Una formaci\u00f3 vivencial en qu\u00e8 s&#039;aprenen les bases del treball amb TRI\u00ae i totes les t\u00e8cniques necess\u00e0ries perqu\u00e8 a cada sessi\u00f3 es pugui anar culminant cada fase del proc\u00e9s, que podr\u00edem resumir de la manera seg\u00fcent: Autoconeixement i ampliaci\u00f3 de consci\u00e8ncia del client, entrenar-se en accions del dia a dia per aconseguir all\u00f2 que es proposa, desprogramar les emocions negatives, desactivar els patrons de conducta no beneficiosos, alliberar els bloquejos i instal\u00b7lar els programes emocionals i mentals que requereixen el futur que desitja el client.<\/p>\n<p>A la Certificaci\u00f3 Internacional de TRI\u00ae s&#039;integra la informaci\u00f3 gr\u00e0cies a la metodologia del programa, que \u00e9s pr\u00e0ctica i vivencial, perqu\u00e8 els futurs terapeutes certificats a TRI\u00ae tinguin la seguretat i la confian\u00e7a suficients per aplicar la TRI\u00ae quan reben l&#039;acreditaci\u00f3 . Per aconseguir-ho, un requisit indispensable per acreditar-se \u00e9s l&#039;obligatorietat de fer totes les pr\u00e0ctiques exigides durant la formaci\u00f3 presencial i les exigides fora.<\/p>\n<p>Tots i cadascun dels continguts i eines segueixen unes pautes d&#039;aprenentatge necess\u00e0ries: despr\u00e9s de les explicacions teoricoconceptuals del formador o formadora, es fa una demostraci\u00f3 amb un\/a estudiant voluntari\/ai, a continuaci\u00f3, es fan grups de pr\u00e0ctiques per que totes les persones assistents experimentin la t\u00e8cnica com a client, com a terapeuta i com a observador. Naturalment s&#039;obren torn de preguntes i aclariments diverses vegades fins a la total assimilaci\u00f3 per part de tots els\/les alumnes.<\/p>\n<p><a href=\"https:\/\/www.annaflores.es\/formacion-de-terapeuta-certificado-en-tri\/\" target=\"_blank\" rel=\"noopener\"><strong>VEURE CURS<\/strong><\/a><\/p>\n<\/div><\/div><\/div><\/div><\/div><div class=\"fusion-fullwidth fullwidth-box fusion-builder-row-11 fusion-flex-container nonhundred-percent-fullwidth non-hundred-percent-height-scrolling\" style=\"--awb-border-radius-top-left:0px;--awb-border-radius-top-right:0px;--awb-border-radius-bottom-right:0px;--awb-border-radius-bottom-left:0px;--awb-flex-wrap:wrap;\" ><div class=\"fusion-builder-row fusion-row fusion-flex-align-items-flex-start fusion-flex-content-wrap\" style=\"max-width:1424.8px;margin-left: calc(-4% \/ 2 );margin-right: calc(-4% \/ 2 );\"><div class=\"fusion-layout-column fusion_builder_column fusion-builder-column-16 fusion_builder_column_1_1 1_1 fusion-flex-column\" style=\"--awb-bg-size:cover;--awb-width-large:100%;--awb-margin-top-large:0px;--awb-spacing-right-large:1.92%;--awb-margin-bottom-large:20px;--awb-spacing-left-large:1.92%;--awb-width-medium:100%;--awb-order-medium:0;--awb-spacing-right-medium:1.92%;--awb-spacing-left-medium:1.92%;--awb-width-small:100%;--awb-order-small:0;--awb-spacing-right-small:1.92%;--awb-spacing-left-small:1.92%;\"><div class=\"fusion-column-wrapper fusion-column-has-shadow fusion-flex-justify-content-flex-start fusion-content-layout-column\"><div class=\"fusion-title title fusion-title-9 fusion-title-text fusion-title-size-two\" style=\"--awb-margin-top-small:0px;--awb-margin-right-small:0px;--awb-margin-bottom-small:10px;--awb-margin-left-small:0px;\"><div class=\"title-sep-container title-sep-container-left fusion-no-large-visibility fusion-no-medium-visibility fusion-no-small-visibility\"><div class=\"title-sep sep-double sep-solid\" style=\"border-color:#e0dede;\"><\/div><\/div><span class=\"awb-title-spacer fusion-no-large-visibility fusion-no-medium-visibility fusion-no-small-visibility\"><\/span><h2 class=\"fusion-title-heading title-heading-left fusion-responsive-typography-calculated\" style=\"margin:0;--fontSize:24;line-height:1.5;\">Codi deontol\u00f2gic de TRI\u00ae<\/h2><span class=\"awb-title-spacer\"><\/span><div class=\"title-sep-container title-sep-container-right\"><div class=\"title-sep sep-double sep-solid\" style=\"border-color:#e0dede;\"><\/div><\/div><\/div><\/div><\/div><div class=\"fusion-layout-column fusion_builder_column fusion-builder-column-17 fusion_builder_column_1_2 1_2 fusion-flex-column\" style=\"--awb-bg-size:cover;--awb-width-large:50%;--awb-margin-top-large:0px;--awb-spacing-right-large:3.84%;--awb-margin-bottom-large:20px;--awb-spacing-left-large:3.84%;--awb-width-medium:100%;--awb-order-medium:0;--awb-spacing-right-medium:1.92%;--awb-spacing-left-medium:1.92%;--awb-width-small:100%;--awb-order-small:0;--awb-spacing-right-small:1.92%;--awb-spacing-left-small:1.92%;\"><div class=\"fusion-column-wrapper fusion-column-has-shadow fusion-flex-justify-content-flex-start fusion-content-layout-column\"><div class=\"fusion-text fusion-text-10\"><p>El Codi deontol\u00f2gic de <a href=\"https:\/\/www.annaflores.es\/formacion-de-terapeuta-certificado-en-tri\/\" target=\"_blank\" rel=\"noopener\">TRI\u00ae<\/a> \u00e9s el grup de normes exigides per l&#039;Associaci\u00f3 Internacional de Ter\u00e0pia de Reprogramaci\u00f3 Integral per a la pr\u00e0ctica professional de la TRI\u00ae<\/p>\n<p>L&#039;objectiu \u00e9s proporcionar un marc de comportament per part del Terapeuta TRI\u00ae perqu\u00e8 el client se senti respectat en tot moment.<\/p>\n<p>Tots els especialistes a TRI\u00ae hauran d&#039;acceptar aquestes normes i seguir-les per poder formar part de l&#039;AITRI i el seu incompliment anul\u00b7la la certificaci\u00f3 de qualsevol nivell rebuda a TRI\u00ae<\/p>\n<p>Per a tota transpar\u00e8ncia es recomana a tots els terapeutes TRI\u00ae tenir-lo publicat a les seves webs i annexat a l&#039;acord TRI\u00ae que presenten al client abans de l&#039;inici del proc\u00e9s terap\u00e8utic.<\/p>\n<ol>\n<li>No far\u00e9 un proc\u00e9s de TRI\u00ae que impliqui discriminaci\u00f3 o maltractament de persones ni activitats delictives.<\/li>\n<li>Aquest codi deontol\u00f2gic est\u00e0 supeditat a les lleis del pa\u00eds on s&#039;exerceix la TRI\u00ae<\/li>\n<li>No interferir\u00e9 en el tractament psicol\u00f2gic del client.<\/li>\n<li>Signar\u00e9 un contracte de confidencialitat,<\/li>\n<li>Tractar\u00e9 les dades del client confidencialment d&#039;acord amb les exig\u00e8ncies legals del pa\u00eds on s&#039;exerceix la TRI\u00ae<\/li>\n<li>Si per qualsevol causa detecte que no podr\u00e9 aportar valor al proc\u00e9s de TRI\u00ae ho suspendr\u00e9 o no ho iniciar\u00e9.<\/li>\n<li>No permetr\u00e9 que cap q\u00fcesti\u00f3 personal pugui interferir en el proc\u00e9s, derivant el client a un altre especialista<\/li>\n<li>Abans d&#039;iniciar un proc\u00e9s de TRI\u00ae m&#039;assegurar\u00e9 que el client compr\u00e8n qu\u00e8 pot esperar de les sessions i quines s\u00f3n exactament les responsabilitats i les del Terapeuta.<\/li>\n<li>Donar\u00e9 tota la informaci\u00f3 necess\u00e0ria perqu\u00e8 el client avalu\u00ef el nivell de comprom\u00eds abans d&#039;iniciar el proc\u00e9s. Ja que un proc\u00e9s de TRI\u00ae perqu\u00e8 implica disciplina i entrenament., mitjan\u00e7ant accions i tasques.<\/li>\n<li>Abans d&#039;iniciar un proc\u00e9s, dissenyar\u00e9 un contracte de TRI\u00ae per acordar amb el client totes les condicions del servei i les obligacions i responsabilitats del Terapeuta i del client.<\/li>\n<li>Tractar\u00e9 el client com un igual, respectant les seves creences, els seus valors, sense jutjar-lo i confiant en els seus recursos interns.<\/li>\n<li>Recomanar\u00e9 els exercicis i les tasques necess\u00e0ries per a l&#039;assoliment de subjectiu d&#039;acord amb el seu moment present a cada sessi\u00f3.<\/li>\n<li>El client pot finalitzar el proc\u00e9s en qualsevol moment.<\/li>\n<\/ol>\n<\/div><\/div><\/div><div class=\"fusion-layout-column fusion_builder_column fusion-builder-column-18 fusion_builder_column_1_2 1_2 fusion-flex-column\" style=\"--awb-bg-size:cover;--awb-width-large:50%;--awb-margin-top-large:0px;--awb-spacing-right-large:3.84%;--awb-margin-bottom-large:20px;--awb-spacing-left-large:3.84%;--awb-width-medium:100%;--awb-order-medium:0;--awb-spacing-right-medium:1.92%;--awb-spacing-left-medium:1.92%;--awb-width-small:100%;--awb-order-small:0;--awb-spacing-right-small:1.92%;--awb-spacing-left-small:1.92%;\"><div class=\"fusion-column-wrapper fusion-column-has-shadow fusion-flex-justify-content-flex-start fusion-content-layout-column\"><div class=\"fusion-image-element\" style=\"--awb-caption-title-font-family:var(--h2_typography-font-family);--awb-caption-title-font-weight:var(--h2_typography-font-weight);--awb-caption-title-font-style:var(--h2_typography-font-style);--awb-caption-title-size:var(--h2_typography-font-size);--awb-caption-title-transform:var(--h2_typography-text-transform);--awb-caption-title-line-height:var(--h2_typography-line-height);--awb-caption-title-letter-spacing:var(--h2_typography-letter-spacing);\"><span class=\"fusion-imageframe imageframe-none imageframe-3 hover-type-none\"><img decoding=\"async\" width=\"1920\" height=\"2560\" title=\"robin-schreiner-7y4858E8PfA-unsplash\" src=\"https:\/\/www.annaflores.es\/wp-content\/uploads\/robin-schreiner-7y4858E8PfA-unsplash-scaled.jpg\" data-orig-src=\"https:\/\/www.annaflores.es\/wp-content\/uploads\/robin-schreiner-7y4858E8PfA-unsplash-scaled.jpg\" alt class=\"lazyload img-responsive wp-image-19085\" srcset=\"data:image\/svg+xml,%3Csvg%20xmlns%3D%27http%3A%2F%2Fwww.w3.org%2F2000%2Fsvg%27%20width%3D%271920%27%20height%3D%272560%27%20viewBox%3D%270%200%201920%202560%27%3E%3Crect%20width%3D%271920%27%20height%3D%272560%27%20fill-opacity%3D%220%22%2F%3E%3C%2Fsvg%3E\" data-srcset=\"https:\/\/annaflores.es\/wp-content\/uploads\/robin-schreiner-7y4858E8PfA-unsplash-200x267.jpg 200w, https:\/\/annaflores.es\/wp-content\/uploads\/robin-schreiner-7y4858E8PfA-unsplash-400x533.jpg 400w, https:\/\/annaflores.es\/wp-content\/uploads\/robin-schreiner-7y4858E8PfA-unsplash-600x800.jpg 600w, https:\/\/annaflores.es\/wp-content\/uploads\/robin-schreiner-7y4858E8PfA-unsplash-800x1067.jpg 800w, https:\/\/annaflores.es\/wp-content\/uploads\/robin-schreiner-7y4858E8PfA-unsplash-1200x1600.jpg 1200w, https:\/\/annaflores.es\/wp-content\/uploads\/robin-schreiner-7y4858E8PfA-unsplash-scaled.jpg 1920w\" data-sizes=\"auto\" data-orig-sizes=\"(max-width: 1024px) 100vw, (max-width: 640px) 100vw, 800px\" \/><\/span><\/div><\/div><\/div><\/div><\/div><\/p>",
        "protected": false
    },
    "excerpt": {
        "rendered": "",
        "protected": false
    },
    "author": 2,
    "featured_media": 0,
    "parent": 0,
    "menu_order": 0,
    "comment_status": "closed",
    "ping_status": "closed",
    "template": "",
    "meta": {
        "_acf_changed": false,
        "footnotes": ""
    },
    "class_list": [
        "post-19057",
        "page",
        "type-page",
        "status-publish",
        "hentry"
    ],
    "acf": [],
    "yoast_head": "<!-- This site is optimized with the Yoast SEO Premium plugin v23.9 (Yoast SEO v27.4) - https:\/\/yoast.com\/product\/yoast-seo-premium-wordpress\/ -->\n<title>Ter\u00e0pia de Reprogramaci\u00f3 Integral- TRI\u00ae - Institut Anna Flores<\/title>\n<meta name=\"description\" content=\"Ter\u00e0pia desenvolupada per Anna Flores despr\u00e9s de d\u00e8cades acompanyant clients i empreses com Coach i Formadora en la millora dels seus resultats\" \/>\n<meta name=\"robots\" content=\"index, follow, max-snippet:-1, max-image-preview:large, max-video-preview:-1\" \/>\n<link rel=\"canonical\" href=\"https:\/\/www.annaflores.es\/ca\/terapia-reprogramacion-integral-tri-institut-anna-flores\/\" \/>\n<meta property=\"og:locale\" content=\"ca_ES\" \/>\n<meta property=\"og:type\" content=\"article\" \/>\n<meta property=\"og:title\" content=\"Ter\u00e0pia de Reprogramaci\u00f3 Integral, TRI\u00ae\" \/>\n<meta property=\"og:description\" content=\"Ter\u00e0pia desenvolupada per Anna Flores despr\u00e9s de d\u00e8cades acompanyant clients i empreses com Coach i Formadora en la millora dels seus resultats\" \/>\n<meta property=\"og:url\" content=\"https:\/\/www.annaflores.es\/ca\/terapia-reprogramacion-integral-tri-institut-anna-flores\/\" \/>\n<meta property=\"og:site_name\" content=\"Anna Flores\" \/>\n<meta property=\"article:publisher\" content=\"https:\/\/www.facebook.com\/InstitutCoachingPNLAnnaFlores\/\" \/>\n<meta property=\"article:modified_time\" content=\"2026-04-23T08:42:30+00:00\" \/>\n<meta property=\"og:image\" content=\"https:\/\/annaflores.es\/wp-content\/uploads\/23-300x300.jpg\" \/>\n<meta name=\"twitter:card\" content=\"summary_large_image\" \/>\n<meta name=\"twitter:label1\" content=\"Temps estimat de lectura\" \/>\n\t<meta name=\"twitter:data1\" content=\"14 minuts\" \/>\n<!-- \/ Yoast SEO Premium plugin. -->",
    "yoast_head_json": {
        "title": "Ter\u00e0pia de Reprogramaci\u00f3 Integral- TRI\u00ae - Institut Anna Flores",
        "description": "Ter\u00e0pia desenvolupada per Anna Flores despr\u00e9s de d\u00e8cades acompanyant clients i empreses com Coach i Formadora en la millora dels seus resultats",
        "robots": {
            "index": "index",
            "follow": "follow",
            "max-snippet": "max-snippet:-1",
            "max-image-preview": "max-image-preview:large",
            "max-video-preview": "max-video-preview:-1"
        },
        "canonical": "https:\/\/www.annaflores.es\/ca\/terapia-reprogramacion-integral-tri-institut-anna-flores\/",
        "og_locale": "ca_ES",
        "og_type": "article",
        "og_title": "Terapia de Reprogramaci\u00f3n Integral, T.R.I.\u00ae",
        "og_description": "Terapia desarrollada por Anna Flores tras d\u00e9cadas acompa\u00f1ando a clientes y empresas como Coach y Formadora en la mejora de sus resultados",
        "og_url": "https:\/\/www.annaflores.es\/ca\/terapia-reprogramacion-integral-tri-institut-anna-flores\/",
        "og_site_name": "Anna Flores",
        "article_publisher": "https:\/\/www.facebook.com\/InstitutCoachingPNLAnnaFlores\/",
        "article_modified_time": "2026-04-23T08:42:30+00:00",
        "og_image": [
            {
                "url": "https:\/\/annaflores.es\/wp-content\/uploads\/23-300x300.jpg",
                "type": "",
                "width": "",
                "height": ""
            }
        ],
        "twitter_card": "summary_large_image",
        "twitter_misc": {
            "Temps estimat de lectura": "14 minuts"
        },
        "schema": {
            "@context": "https:\/\/schema.org",
            "@graph": [
                {
                    "@type": "WebPage",
                    "@id": "https:\/\/www.annaflores.es\/ca\/terapia-reprogramacion-integral-tri-institut-anna-flores\/",
                    "url": "https:\/\/www.annaflores.es\/ca\/terapia-reprogramacion-integral-tri-institut-anna-flores\/",
                    "name": "Ter\u00e0pia de Reprogramaci\u00f3 Integral- TRI\u00ae - Institut Anna Flores",
                    "isPartOf": {
                        "@id": "https:\/\/annaflores.es\/ca\/#website"
                    },
                    "primaryImageOfPage": {
                        "@id": "https:\/\/www.annaflores.es\/ca\/terapia-reprogramacion-integral-tri-institut-anna-flores\/#primaryimage"
                    },
                    "image": {
                        "@id": "https:\/\/www.annaflores.es\/ca\/terapia-reprogramacion-integral-tri-institut-anna-flores\/#primaryimage"
                    },
                    "thumbnailUrl": "https:\/\/annaflores.es\/wp-content\/uploads\/23-300x300.jpg",
                    "datePublished": "2023-03-13T12:56:04+00:00",
                    "dateModified": "2026-04-23T08:42:30+00:00",
                    "description": "Ter\u00e0pia desenvolupada per Anna Flores despr\u00e9s de d\u00e8cades acompanyant clients i empreses com Coach i Formadora en la millora dels seus resultats",
                    "breadcrumb": {
                        "@id": "https:\/\/www.annaflores.es\/ca\/terapia-reprogramacion-integral-tri-institut-anna-flores\/#breadcrumb"
                    },
                    "inLanguage": "ca",
                    "potentialAction": [
                        {
                            "@type": "ReadAction",
                            "target": [
                                "https:\/\/www.annaflores.es\/ca\/terapia-reprogramacion-integral-tri-institut-anna-flores\/"
                            ]
                        }
                    ]
                },
                {
                    "@type": "ImageObject",
                    "inLanguage": "ca",
                    "@id": "https:\/\/www.annaflores.es\/ca\/terapia-reprogramacion-integral-tri-institut-anna-flores\/#primaryimage",
                    "url": "https:\/\/annaflores.es\/wp-content\/uploads\/23-300x300.jpg",
                    "contentUrl": "https:\/\/annaflores.es\/wp-content\/uploads\/23-300x300.jpg"
                },
                {
                    "@type": "BreadcrumbList",
                    "@id": "https:\/\/www.annaflores.es\/ca\/terapia-reprogramacion-integral-tri-institut-anna-flores\/#breadcrumb",
                    "itemListElement": [
                        {
                            "@type": "ListItem",
                            "position": 1,
                            "name": "Inicio",
                            "item": "https:\/\/annaflores.es\/ca\/"
                        },
                        {
                            "@type": "ListItem",
                            "position": 2,
                            "name": "Terapia de Reprogramaci\u00f3n Integral, T.R.I.\u00ae"
                        }
                    ]
                },
                {
                    "@type": "WebSite",
                    "@id": "https:\/\/annaflores.es\/ca\/#website",
                    "url": "https:\/\/annaflores.es\/ca\/",
                    "name": "Anna Flores",
                    "description": "Cursos de Coaching i PNL a Barcelona",
                    "publisher": {
                        "@id": "https:\/\/annaflores.es\/ca\/#organization"
                    },
                    "alternateName": "Institut Anna Flores",
                    "potentialAction": [
                        {
                            "@type": "SearchAction",
                            "target": {
                                "@type": "EntryPoint",
                                "urlTemplate": "https:\/\/annaflores.es\/ca\/?s={search_term_string}"
                            },
                            "query-input": {
                                "@type": "PropertyValueSpecification",
                                "valueRequired": true,
                                "valueName": "search_term_string"
                            }
                        }
                    ],
                    "inLanguage": "ca"
                },
                {
                    "@type": "Organization",
                    "@id": "https:\/\/annaflores.es\/ca\/#organization",
                    "name": "Institut Anna Flors",
                    "alternateName": "Anna Flores",
                    "url": "https:\/\/annaflores.es\/ca\/",
                    "logo": {
                        "@type": "ImageObject",
                        "inLanguage": "ca",
                        "@id": "https:\/\/annaflores.es\/ca\/#\/schema\/logo\/image\/",
                        "url": "https:\/\/annaflores.es\/wp-content\/uploads\/IAFCAT-BLAU-MES-INTENS_traspa-e1610467605488.png",
                        "contentUrl": "https:\/\/annaflores.es\/wp-content\/uploads\/IAFCAT-BLAU-MES-INTENS_traspa-e1610467605488.png",
                        "width": 200,
                        "height": 51,
                        "caption": "Instituto Anna Flores"
                    },
                    "image": {
                        "@id": "https:\/\/annaflores.es\/ca\/#\/schema\/logo\/image\/"
                    },
                    "sameAs": [
                        "https:\/\/www.facebook.com\/InstitutCoachingPNLAnnaFlores\/",
                        "https:\/\/www.instagram.com\/annafloresinstitut\/",
                        "https:\/\/www.linkedin.com\/in\/annaflorescoaching\/",
                        "https:\/\/www.youtube.com\/c\/InstitutodePNLyCoachingAnnaFlores"
                    ]
                }
            ]
        }
    },
    "_links": {
        "self": [
            {
                "href": "https:\/\/www.annaflores.es\/ca\/wp-json\/wp\/v2\/pages\/19057",
                "targetHints": {
                    "allow": [
                        "GET"
                    ]
                }
            }
        ],
        "collection": [
            {
                "href": "https:\/\/www.annaflores.es\/ca\/wp-json\/wp\/v2\/pages"
            }
        ],
        "about": [
            {
                "href": "https:\/\/www.annaflores.es\/ca\/wp-json\/wp\/v2\/types\/page"
            }
        ],
        "author": [
            {
                "embeddable": true,
                "href": "https:\/\/www.annaflores.es\/ca\/wp-json\/wp\/v2\/users\/2"
            }
        ],
        "replies": [
            {
                "embeddable": true,
                "href": "https:\/\/www.annaflores.es\/ca\/wp-json\/wp\/v2\/comments?post=19057"
            }
        ],
        "version-history": [
            {
                "count": 0,
                "href": "https:\/\/www.annaflores.es\/ca\/wp-json\/wp\/v2\/pages\/19057\/revisions"
            }
        ],
        "wp:attachment": [
            {
                "href": "https:\/\/www.annaflores.es\/ca\/wp-json\/wp\/v2\/media?parent=19057"
            }
        ],
        "curies": [
            {
                "name": "wp",
                "href": "https:\/\/api.w.org\/{rel}",
                "templated": true
            }
        ]
    }
}