{
    "id": 19931,
    "date": "2023-07-21T13:40:30",
    "date_gmt": "2023-07-21T11:40:30",
    "guid": {
        "rendered": "https:\/\/annaflores.es\/?page_id=19931"
    },
    "modified": "2026-04-24T19:28:49",
    "modified_gmt": "2026-04-24T17:28:49",
    "slug": "curs-de-flors-de-bach",
    "status": "publish",
    "type": "page",
    "link": "https:\/\/www.annaflores.es\/ca\/curso-de-flores-de-bach\/",
    "title": {
        "rendered": "Curs de Flors de Bach"
    },
    "content": {
        "rendered": "<p><div class=\"fusion-fullwidth fullwidth-box fusion-builder-row-1 fusion-flex-container nonhundred-percent-fullwidth non-hundred-percent-height-scrolling\" style=\"--awb-border-radius-top-left:0px;--awb-border-radius-top-right:0px;--awb-border-radius-bottom-right:0px;--awb-border-radius-bottom-left:0px;--awb-flex-wrap:wrap;\" ><div class=\"fusion-builder-row fusion-row fusion-flex-align-items-flex-start fusion-flex-content-wrap\" style=\"max-width:1424.8px;margin-left: calc(-4% \/ 2 );margin-right: calc(-4% \/ 2 );\"><div class=\"fusion-layout-column fusion_builder_column fusion-builder-column-0 fusion_builder_column_1_1 1_1 fusion-flex-column\" style=\"--awb-bg-size:cover;--awb-width-large:100%;--awb-margin-top-large:0px;--awb-spacing-right-large:1.92%;--awb-margin-bottom-large:20px;--awb-spacing-left-large:1.92%;--awb-width-medium:100%;--awb-spacing-right-medium:1.92%;--awb-spacing-left-medium:1.92%;--awb-width-small:100%;--awb-spacing-right-small:1.92%;--awb-spacing-left-small:1.92%;\"><div class=\"fusion-column-wrapper fusion-column-has-shadow fusion-flex-justify-content-flex-start fusion-content-layout-column\"><div class=\"fusion-title title fusion-title-1 fusion-title-text fusion-title-size-one\" style=\"--awb-margin-top-small:0px;--awb-margin-right-small:0px;--awb-margin-bottom-small:10px;--awb-margin-left-small:0px;\"><div class=\"title-sep-container title-sep-container-left fusion-no-large-visibility fusion-no-medium-visibility fusion-no-small-visibility\"><div class=\"title-sep sep-double sep-solid\" style=\"border-color:#e0dede;\"><\/div><\/div><span class=\"awb-title-spacer fusion-no-large-visibility fusion-no-medium-visibility fusion-no-small-visibility\"><\/span><h1 class=\"fusion-title-heading title-heading-left fusion-responsive-typography-calculated\" style=\"margin:0;--fontSize:36;line-height:1.4;\">Curs de Flors de Bach<\/h1><span class=\"awb-title-spacer\"><\/span><div class=\"title-sep-container title-sep-container-right\"><div class=\"title-sep sep-double sep-solid\" style=\"border-color:#e0dede;\"><\/div><\/div><\/div><\/div><\/div><\/div><\/div><div class=\"fusion-fullwidth fullwidth-box fusion-builder-row-2 fusion-flex-container nonhundred-percent-fullwidth non-hundred-percent-height-scrolling\" style=\"--awb-border-radius-top-left:0px;--awb-border-radius-top-right:0px;--awb-border-radius-bottom-right:0px;--awb-border-radius-bottom-left:0px;--awb-padding-bottom:18px;--awb-flex-wrap:wrap;\" ><div class=\"fusion-builder-row fusion-row fusion-flex-align-items-flex-start fusion-flex-content-wrap\" style=\"max-width:1424.8px;margin-left: calc(-4% \/ 2 );margin-right: calc(-4% \/ 2 );\"><div class=\"fusion-layout-column fusion_builder_column fusion-builder-column-1 fusion_builder_column_1_2 1_2 fusion-flex-column fusion-flex-align-self-flex-start\" style=\"--awb-bg-size:cover;--awb-width-large:50%;--awb-margin-top-large:0px;--awb-spacing-right-large:0%;--awb-margin-bottom-large:0px;--awb-spacing-left-large:3.84%;--awb-width-medium:100%;--awb-order-medium:0;--awb-spacing-right-medium:1.92%;--awb-spacing-left-medium:1.92%;--awb-width-small:100%;--awb-order-small:0;--awb-spacing-right-small:1.92%;--awb-spacing-left-small:1.92%;\"><div class=\"fusion-column-wrapper fusion-column-has-shadow fusion-flex-justify-content-flex-start fusion-content-layout-column\"><div class=\"fusion-text fusion-text-1\">\t<div\n\t\tid=\"video-vimeo-1\"\n\t\tclass=\"vvimeo\"\n\t\tdata-video=\"1182911597\"\n\t\tdata-muted=\"0\"\n\t\tdata-ratio=\"16:9\"\n\t>\n\t\t<button class=\"vvimeo__trigger\" type=\"button\" aria-label=\"Reproduir v\u00eddeo\">\n\t\t\t<img\n\t\t\t\tclass=\"vvimeo__poster\"\n\t\t\t\tsrc=\"https:\/\/www.annaflores.es\/wp-content\/uploads\/portada-video-flores-de-bach.jpg\"\n\t\t\t\talt=\"Reproduir v\u00eddeo\"\n\t\t\t\tloading=\"lazy\"\n\t\t\t\/>\n\t\t\t<span class=\"vvimeo__overlay\" aria-hidden=\"true\">\n\t\t\t\t<span class=\"vvimeo__play\">\n\t\t\t\t\t<svg viewbox=\"0 0 100 100\" width=\"96\" height=\"96\" aria-hidden=\"true\" focusable=\"false\">\n\t\t\t\t\t\t<circle cx=\"50\" cy=\"50\" r=\"48\" fill=\"rgba(0,0,0,0.42)\"><\/circle>\n\t\t\t\t\t\t<polygon points=\"41,31 41,69 72,50\" fill=\"#ffffff\"><\/polygon>\n\t\t\t\t\t<\/svg>\n\t\t\t\t<\/span>\n\t\t\t<\/span>\n\t\t<\/button>\n\t\t<div class=\"vvimeo__frame\" aria-live=\"polite\"><\/div>\n\t<\/div>\n\t\n<\/div><div class=\"fusion-text fusion-text-2\">Aviat publicar\u00e9 aquest v\u00eddeo en catal\u00e0\n<\/div>\n<\/div><\/div><div class=\"fusion-layout-column fusion_builder_column fusion-builder-column-2 fusion_builder_column_1_2 1_2 fusion-flex-column fusion-flex-align-self-flex-start\" style=\"--awb-bg-size:cover;--awb-width-large:50%;--awb-margin-top-large:0px;--awb-spacing-right-large:3.84%;--awb-margin-bottom-large:0px;--awb-spacing-left-large:3.84%;--awb-width-medium:100%;--awb-order-medium:0;--awb-spacing-right-medium:1.92%;--awb-spacing-left-medium:1.92%;--awb-width-small:100%;--awb-order-small:0;--awb-spacing-right-small:1.92%;--awb-spacing-left-small:1.92%;\"><div class=\"fusion-column-wrapper fusion-column-has-shadow fusion-flex-justify-content-flex-start fusion-content-layout-column\"><div class=\"fusion-text fusion-text-3\"><p style=\"text-align: justify;\">Aquest de Curs de Flors de Bach \u00e9s una formaci\u00f3 concebuda per con\u00e8ixer els fonaments de la ter\u00e0pia floral aplicades a disciplines d&#039;acompanyament per aprendre a utilitzar les ess\u00e8ncies florals de Bach com a complement a altres t\u00e8cniques, tant de Coaching, PNL, Hipnosis o altres ter\u00e0pies. L&#039;imparteix totalment<span style=\"color: #3366ff;\"> <a style=\"color: #3366ff;\" href=\"https:\/\/www.annaflores.es\/anna-flores\/\" target=\"_blank\" rel=\"noopener\">Anna Flores<\/a><\/span> perqu\u00e8 ensenya el model de treball que ha desenvolupat en integrar les Flors de Bach a les seves sessions de <span style=\"color: #3366ff;\"><a style=\"color: #3366ff;\" href=\"https:\/\/www.annaflores.es\/coaching-con-pnl\/\" target=\"_blank\" rel=\"noopener\">Coaching amb PNL<\/a> <\/span>i <span style=\"color: #3366ff;\"><a style=\"color: #3366ff;\" href=\"https:\/\/www.annaflores.es\/terapia-reprogramacion-integral-tri-institut-anna-flores\/\" target=\"_blank\" rel=\"noopener\">TRI\u00ae<\/a><\/span><\/p>\n<p style=\"text-align: justify;\">La nostra formaci\u00f3 a Flores de Bach atorga el diploma acreditatiu de l&#039;Institut Anna Flores i est\u00e0 dissenyat, igual que la resta de les nostres formacions, amb la intenci\u00f3 que sigui utilitzable el seu aprenentatge tan bon punt s&#039;acaba. Motiu pel qual un dels seus trets m\u00e9s significatius \u00e9s el de ser <strong>eminentment pr\u00e0ctic.<\/strong><\/p>\n<p style=\"text-align: justify;\">Aprendr\u00e0s com actua cada ess\u00e8ncia floral i com fer les f\u00f3rmules apropiades a cada client o pacient segons el moment del proc\u00e9s en qu\u00e8 es trobi. i per descomptat t&#039;ho podr\u00e0s aplicar a tu i als teus \u00e9ssers estimats.<\/p>\n<p>Al v\u00eddeo Anna Flores explica tots els detalls.   Clica <a href=\"#PROXIMAS-EDICIONES-DE-LA-FORMACION\"><span style=\"color: #3366ff;\">AQU\u00cd<\/span> <\/a>per veure preus i dates<\/p>\n<\/div><\/div><\/div><\/div><\/div><div class=\"fusion-fullwidth fullwidth-box fusion-builder-row-3 fusion-flex-container nonhundred-percent-fullwidth non-hundred-percent-height-scrolling\" style=\"--awb-border-radius-top-left:0px;--awb-border-radius-top-right:0px;--awb-border-radius-bottom-right:0px;--awb-border-radius-bottom-left:0px;--awb-padding-top:20px;--awb-padding-right:40px;--awb-padding-left:40px;--awb-background-color:#6d8c38;--awb-flex-wrap:wrap;--awb-box-shadow: 0px 0px ;\" ><div class=\"fusion-builder-row fusion-row fusion-flex-align-items-stretch fusion-flex-content-wrap\" style=\"max-width:1424.8px;margin-left: calc(-4% \/ 2 );margin-right: calc(-4% \/ 2 );\"><div class=\"fusion-layout-column fusion_builder_column fusion-builder-column-3 fusion_builder_column_4_5 4_5 fusion-flex-column\" style=\"--awb-bg-size:cover;--awb-width-large:80%;--awb-margin-top-large:0px;--awb-spacing-right-large:2.4%;--awb-margin-bottom-large:20px;--awb-spacing-left-large:2.4%;--awb-width-medium:100%;--awb-order-medium:0;--awb-spacing-right-medium:1.92%;--awb-spacing-left-medium:1.92%;--awb-width-small:100%;--awb-order-small:0;--awb-spacing-right-small:1.92%;--awb-spacing-left-small:1.92%;\"><div class=\"fusion-column-wrapper fusion-column-has-shadow fusion-flex-justify-content-flex-start fusion-content-layout-column\"><div class=\"fusion-title title fusion-title-2 fusion-sep-none fusion-title-text fusion-title-size-div\" style=\"--awb-margin-top-small:0px;--awb-margin-right-small:0px;--awb-margin-bottom-small:10px;--awb-margin-left-small:0px;--awb-font-size:26px;\"><div class=\"fusion-title-heading title-heading-left title-heading-tag fusion-responsive-typography-calculated\" style=\"margin:0;font-size:1em;--fontSize:26;line-height:1.4;\"><span style=\"color: #ffffff;\">\u00bfVols visitar-nos i con\u00e8ixer tots els detalls del Curs de Flors de Bach?<\/span><\/div><\/div><div class=\"fusion-text fusion-text-4\" style=\"--awb-text-transform:none;\"><p><span style=\"color: #ffffff;\">Clica a \u00abm&#039;apunto\u00bb per enviar-nos el formulari i et contactarem com m\u00e9s aviat millor<\/span><\/p>\n<\/div><\/div><\/div><div class=\"fusion-layout-column fusion_builder_column fusion-builder-column-4 fusion_builder_column_1_5 1_5 fusion-flex-column\" style=\"--awb-bg-size:cover;--awb-width-large:20%;--awb-margin-top-large:0px;--awb-spacing-right-large:9.6%;--awb-margin-bottom-large:20px;--awb-spacing-left-large:9.6%;--awb-width-medium:100%;--awb-order-medium:0;--awb-spacing-right-medium:1.92%;--awb-spacing-left-medium:1.92%;--awb-width-small:100%;--awb-order-small:0;--awb-spacing-right-small:1.92%;--awb-spacing-left-small:1.92%;\"><div class=\"fusion-column-wrapper fusion-column-has-shadow fusion-flex-justify-content-center fusion-content-layout-column\"><div ><a class=\"fusion-button button-flat button-large button-custom fusion-button-default button-1 fusion-button-default-span fusion-button-default-type\" style=\"--button_accent_color:#ffffff;--button_accent_hover_color:#ffffff;--button_border_hover_color:#ffffff;--button_gradient_top_color:#c1903a;--button_gradient_bottom_color:#c1903a;--button_gradient_top_color_hover:#515471;--button_gradient_bottom_color_hover:#515471;\" target=\"_self\" href=\"https:\/\/www.annaflores.es\/contactar-coaching-anna-flores\/\"><span class=\"fusion-button-text awb-button__text awb-button__text--default\">\u00a1M&#039;APUNTO!<\/span><\/a><\/div><\/div><\/div><\/div><\/div><div class=\"fusion-fullwidth fullwidth-box fusion-builder-row-4 fusion-flex-container nonhundred-percent-fullwidth non-hundred-percent-height-scrolling\" style=\"--awb-border-radius-top-left:0px;--awb-border-radius-top-right:0px;--awb-border-radius-bottom-right:0px;--awb-border-radius-bottom-left:0px;--awb-margin-top:30px;--awb-margin-bottom:30px;--awb-flex-wrap:wrap;\" ><div class=\"fusion-builder-row fusion-row fusion-flex-align-items-flex-start fusion-flex-content-wrap\" style=\"max-width:1424.8px;margin-left: calc(-4% \/ 2 );margin-right: calc(-4% \/ 2 );\"><div class=\"fusion-layout-column fusion_builder_column fusion-builder-column-5 fusion_builder_column_1_2 1_2 fusion-flex-column\" style=\"--awb-bg-size:cover;--awb-width-large:50%;--awb-margin-top-large:0px;--awb-spacing-right-large:3.84%;--awb-margin-bottom-large:20px;--awb-spacing-left-large:3.84%;--awb-width-medium:100%;--awb-order-medium:0;--awb-spacing-right-medium:1.92%;--awb-spacing-left-medium:1.92%;--awb-width-small:100%;--awb-order-small:0;--awb-spacing-right-small:1.92%;--awb-spacing-left-small:1.92%;\" data-scroll-devices=\"small-visibility,medium-visibility,large-visibility\"><div class=\"fusion-column-wrapper fusion-column-has-shadow fusion-flex-justify-content-flex-start fusion-content-layout-column\"><div class=\"accordian fusion-accordian\" style=\"--awb-border-size:1px;--awb-icon-size:13px;--awb-content-font-size:16px;--awb-icon-alignment:left;--awb-hover-color:#f9f9f9;--awb-border-color:#cccccc;--awb-background-color:#ffffff;--awb-divider-color:#e0dede;--awb-divider-hover-color:#e0dede;--awb-icon-color:#ffffff;--awb-title-color:#567fa9;--awb-content-color:#747474;--awb-icon-box-color:#333333;--awb-toggle-hover-accent-color:#515471;--awb-title-font-family:&quot;PT Sans&quot;;--awb-title-font-weight:400;--awb-title-font-style:normal;--awb-title-font-size:var(--awb-typography2-font-size);--awb-content-font-family:&quot;PT Sans&quot;;--awb-content-font-style:normal;--awb-content-font-weight:400;\"><div class=\"panel-group fusion-toggle-icon-boxed\" id=\"accordion-19931-1\"><div class=\"fusion-panel panel-default panel-596c482f8be9b6bef fusion-toggle-has-divider\" style=\"--awb-title-color:#567fa9;--awb-content-color:#747474;\"><div class=\"panel-heading\"><h2 class=\"panel-title toggle\" id=\"toggle_596c482f8be9b6bef\"><a aria-expanded=\"false\" aria-controls=\"596c482f8be9b6bef\" role=\"button\" data-toggle=\"collapse\" data-parent=\"#accordion-19931-1\" data-target=\"#596c482f8be9b6bef\" href=\"#596c482f8be9b6bef\"><span class=\"fusion-toggle-icon-wrapper\" aria-hidden=\"true\"><i class=\"fa-fusion-box active-icon awb-icon-minus\" aria-hidden=\"true\"><\/i><i class=\"fa-fusion-box inactive-icon awb-icon-plus\" aria-hidden=\"true\"><\/i><\/span><span class=\"fusion-toggle-heading\"> Qu\u00e8 s&#039;aconsegueix amb el Curs de Flors de Bach?<\/span><\/a><\/h2><\/div><div id=\"596c482f8be9b6bef\" class=\"panel-collapse collapse\" aria-labelledby=\"toggle_596c482f8be9b6bef\"><div class=\"panel-body toggle-content fusion-clearfix\">\n<ul>\n<li>Con\u00e9ixer l&#039;origen de la ter\u00e0pia floral<\/li>\n<li>Comprendre com actuen les Flors de Bach<\/li>\n<li>Saber com utilitzar cada ess\u00e8ncia floral<\/li>\n<li>Aprendre a escollir les ess\u00e8ncies apropiades per a la persona<\/li>\n<li>Identificar com fer servir les Flors de Bach en sessions de Coaching, PNL i altres ter\u00e0pies psicol\u00f2giques<\/li>\n<li>Aprendre a formular i fer els preparats orals<\/li>\n<\/ul>\n<\/div><\/div><\/div><div class=\"fusion-panel panel-default panel-2087c8913d547c9c0 fusion-toggle-has-divider\" style=\"--awb-title-color:#567fa9;--awb-content-color:#747474;\"><div class=\"panel-heading\"><h2 class=\"panel-title toggle\" id=\"toggle_2087c8913d547c9c0\"><a aria-expanded=\"false\" aria-controls=\"2087c8913d547c9c0\" role=\"button\" data-toggle=\"collapse\" data-parent=\"#accordion-19931-1\" data-target=\"#2087c8913d547c9c0\" href=\"#2087c8913d547c9c0\"><span class=\"fusion-toggle-icon-wrapper\" aria-hidden=\"true\"><i class=\"fa-fusion-box active-icon awb-icon-minus\" aria-hidden=\"true\"><\/i><i class=\"fa-fusion-box inactive-icon awb-icon-plus\" aria-hidden=\"true\"><\/i><\/span><span class=\"fusion-toggle-heading\">A qui va adre\u00e7at?<\/span><\/a><\/h2><\/div><div id=\"2087c8913d547c9c0\" class=\"panel-collapse collapse\" aria-labelledby=\"toggle_2087c8913d547c9c0\"><div class=\"panel-body toggle-content fusion-clearfix\">\n<p>El Curs de Flors de Bach \u00e9s de gran utilitat per aplicar-los en sessions d&#039;acompanyament, com ara el Coaching o la Ter\u00e0pia:<\/p>\n<ul>\n<li>Coaches i NLPCoaches<\/li>\n<li>Terapeutes de PNL<\/li>\n<li>Hipnoterapeutes<\/li>\n<li>Psic\u00f2legs<\/li>\n<li>Qualsevol professional de l&#039;acompanyament<\/li>\n<li>Qualsevol persona interessada a con\u00e8ixer les bases de les Flors de Bach<\/li>\n<\/ul>\n<\/div><\/div><\/div><\/div><\/div><\/div><\/div><div class=\"fusion-layout-column fusion_builder_column fusion-builder-column-6 fusion_builder_column_1_2 1_2 fusion-flex-column\" style=\"--awb-bg-size:cover;--awb-width-large:50%;--awb-margin-top-large:0px;--awb-spacing-right-large:3.84%;--awb-margin-bottom-large:20px;--awb-spacing-left-large:3.84%;--awb-width-medium:100%;--awb-order-medium:0;--awb-spacing-right-medium:1.92%;--awb-spacing-left-medium:1.92%;--awb-width-small:100%;--awb-order-small:0;--awb-spacing-right-small:1.92%;--awb-spacing-left-small:1.92%;\" data-scroll-devices=\"small-visibility,medium-visibility,large-visibility\"><div class=\"fusion-column-wrapper fusion-column-has-shadow fusion-flex-justify-content-flex-start fusion-content-layout-column\"><div class=\"accordian fusion-accordian\" style=\"--awb-border-size:1px;--awb-icon-size:13px;--awb-content-font-size:16px;--awb-icon-alignment:left;--awb-hover-color:#f9f9f9;--awb-border-color:#cccccc;--awb-background-color:#ffffff;--awb-divider-color:#e0dede;--awb-divider-hover-color:#e0dede;--awb-icon-color:#ffffff;--awb-title-color:#567fa9;--awb-content-color:#747474;--awb-icon-box-color:#333333;--awb-toggle-hover-accent-color:#515471;--awb-title-font-family:&quot;PT Sans&quot;;--awb-title-font-weight:400;--awb-title-font-style:normal;--awb-title-font-size:var(--awb-typography2-font-size);--awb-content-font-family:&quot;PT Sans&quot;;--awb-content-font-style:normal;--awb-content-font-weight:400;\"><div class=\"panel-group fusion-toggle-icon-boxed\" id=\"accordion-19931-2\"><div class=\"fusion-panel panel-default panel-cf58487ca316a7066 fusion-toggle-has-divider\" style=\"--awb-title-color:#567fa9;--awb-content-color:#747474;\"><div class=\"panel-heading\"><h2 class=\"panel-title toggle\" id=\"toggle_cf58487ca316a7066\"><a aria-expanded=\"false\" aria-controls=\"cf58487ca316a7066\" role=\"button\" data-toggle=\"collapse\" data-parent=\"#accordion-19931-2\" data-target=\"#cf58487ca316a7066\" href=\"#cf58487ca316a7066\"><span class=\"fusion-toggle-icon-wrapper\" aria-hidden=\"true\"><i class=\"fa-fusion-box active-icon awb-icon-minus\" aria-hidden=\"true\"><\/i><i class=\"fa-fusion-box inactive-icon awb-icon-plus\" aria-hidden=\"true\"><\/i><\/span><span class=\"fusion-toggle-heading\">Continguts del Curs de Flors de Bach<\/span><\/a><\/h2><\/div><div id=\"cf58487ca316a7066\" class=\"panel-collapse collapse\" aria-labelledby=\"toggle_cf58487ca316a7066\"><div class=\"panel-body toggle-content fusion-clearfix\">\n<ul>\n<li>Qu\u00e8 s\u00f3n les Flors de Bach?<\/li>\n<li>Hist\u00f2ria i origen<\/li>\n<li>Filosofia darrere de les ess\u00e8ncies florals<\/li>\n<li>M\u00e8tode per elaborar les Flors de Bach<\/li>\n<li>Preparaci\u00f3 de les ess\u00e8ncies<\/li>\n<li>Caracter\u00edstiques i propietats de cada flor<\/li>\n<li>Combinaci\u00f3 de flors per tractar diferents problemes<\/li>\n<li>Els 12 Sanadors<\/li>\n<li>Els set grups emocionals<\/li>\n<li>Descripci\u00f3 de cadascun dels grups emocionals<\/li>\n<li>Flors de Bach que es fan servir per tractar els problemes de cada grup emocional<\/li>\n<li>M\u00e8todes oral per prendre les ess\u00e8ncies florals<\/li>\n<li>Com seleccionar les Flors de Bach adequades per a cada persona<\/li>\n<li>Recomanacions per utilitzar les ess\u00e8ncies florals de manera segura i efectiva<\/li>\n<li>Com integrar-les Flors de Bach a la pr\u00e0ctica professional de l&#039;acompanyament ( Coaching, PNL, Psicologia\u2026)<\/li>\n<\/ul>\n<\/div><\/div><\/div><div class=\"fusion-panel panel-default panel-273a1943c3433cd29 fusion-toggle-has-divider\" style=\"--awb-title-color:#567fa9;--awb-content-color:#747474;\"><div class=\"panel-heading\"><h2 class=\"panel-title toggle\" id=\"toggle_273a1943c3433cd29\"><a aria-expanded=\"false\" aria-controls=\"273a1943c3433cd29\" role=\"button\" data-toggle=\"collapse\" data-parent=\"#accordion-19931-2\" data-target=\"#273a1943c3433cd29\" href=\"#273a1943c3433cd29\"><span class=\"fusion-toggle-icon-wrapper\" aria-hidden=\"true\"><i class=\"fa-fusion-box active-icon awb-icon-minus\" aria-hidden=\"true\"><\/i><i class=\"fa-fusion-box inactive-icon awb-icon-plus\" aria-hidden=\"true\"><\/i><\/span><span class=\"fusion-toggle-heading\">Preus i condicions<\/span><\/a><\/h2><\/div><div id=\"273a1943c3433cd29\" class=\"panel-collapse collapse\" aria-labelledby=\"toggle_273a1943c3433cd29\"><div class=\"panel-body toggle-content fusion-clearfix\">\n<p><strong>Inversi\u00f3<\/strong><\/p>\n<p>L&#039;import del Curs de Flors de Bach \u00e9s el mateix per a qualsevol de les modalitats que oferim<\/p>\n<p>La inversi\u00f3 total \u00e9s de 290\u20ac<br \/>\nSi l\u2019import total del curs se satisf\u00e0 amb 30 dies d\u2019 antelaci\u00f3, s\u2019 aplica un descompte de <strong>40\u20ac<\/strong>.<strong><br \/>\n<\/strong><\/p>\n<p>L&#039;import bonificat per pagament anticipat \u00e9s de <strong>250\u20ac<\/strong><\/p>\n<p><strong>Els preus incloen<\/strong><\/p>\n<ul>\n<li>Manual del curs<\/li>\n<li>Material per als exercicis<\/li>\n<li>Supervisi\u00f3 dels exercicis presencials<\/li>\n<li>Refrigeris a les pauses<\/li>\n<li>Certificat de l&#039;Institut Anna Flores<\/li>\n<\/ul>\n<p><strong>M\u00e8todes de pagament<\/strong><\/p>\n<p><strong>Pagament al comptat<\/strong><\/p>\n<ul>\n<li>Es paga l'import total del curs amb targeta de cr\u00e8dit amb el benefici d'un important descompte en pagar amb m\u00e9s de 30 dies d'antelaci\u00f3 a la data d'inici del curs.<\/li>\n<li>El preu que es mostra en formalitzar el pagament dep\u00e8n de la data en qu\u00e8 s'estigui fent el mateix.<\/li>\n<\/ul>\n<p><strong>Inscripci\u00f3 i Reserva<\/strong><\/p>\n<ul>\n<li>La inscripci\u00f3 comen\u00e7a amb el pagament de la formaci\u00f3.<\/li>\n<li>Durant el proc\u00e9s s'emplenen totes les dades necess\u00e0ries perqu\u00e8 l\u2019Institut Anna Flores pugui emetre i enviar la factura corresponent.<\/li>\n<li>La pla\u00e7a queda garantida autom\u00e0ticament amb l'enviament de la factura.<\/li>\n<li>Abans de l'inici del curs, aproximadament amb uns 10 dies d'antelaci\u00f3, enviem un correu recordatori del curs, incloent les dades pr\u00e0ctiques perqu\u00e8 el curs sigui una experi\u00e8ncia \u00f2ptima.<\/li>\n<\/ul>\n<p>Per a aclariments contactar<a href=\"https:\/\/www.annaflores.es\/contactar-coaching-anna-flores\/\" target=\"_blank\" rel=\"noopener\"> AQU\u00cd<\/a><\/p>\n<p><strong>Pol\u00edtica de cancel.laci\u00f3<\/strong><\/p>\n<p>Per con\u00e8ixer la pol\u00edtica de cancel\u00b7laci\u00f3 fer clic <a href=\"https:\/\/www.annaflores.es\/politica-de-cancelacion\/\" target=\"_blank\" rel=\"noopener noreferrer\"><strong>AQU\u00cd<\/strong><\/a><\/p>\n<\/div><\/div><\/div><\/div><\/div><\/div><\/div><\/div><\/div><div class=\"fusion-fullwidth fullwidth-box fusion-builder-row-5 fusion-flex-container nonhundred-percent-fullwidth non-hundred-percent-height-scrolling\" style=\"--awb-border-radius-top-left:0px;--awb-border-radius-top-right:0px;--awb-border-radius-bottom-right:0px;--awb-border-radius-bottom-left:0px;--awb-flex-wrap:wrap;\" ><div class=\"fusion-builder-row fusion-row fusion-flex-align-items-flex-start fusion-flex-content-wrap\" style=\"max-width:1424.8px;margin-left: calc(-4% \/ 2 );margin-right: calc(-4% \/ 2 );\"><div class=\"fusion-layout-column fusion_builder_column fusion-builder-column-7 fusion_builder_column_1_1 1_1 fusion-flex-column\" style=\"--awb-bg-size:cover;--awb-width-large:100%;--awb-margin-top-large:0px;--awb-spacing-right-large:1.92%;--awb-margin-bottom-large:20px;--awb-spacing-left-large:1.92%;--awb-width-medium:100%;--awb-spacing-right-medium:1.92%;--awb-spacing-left-medium:1.92%;--awb-width-small:100%;--awb-spacing-right-small:1.92%;--awb-spacing-left-small:1.92%;\"><div class=\"fusion-column-wrapper fusion-column-has-shadow fusion-flex-justify-content-flex-start fusion-content-layout-column\"><div class=\"fusion-title title fusion-title-3 fusion-sep-none fusion-title-text fusion-title-size-two\" style=\"--awb-margin-top-small:0px;--awb-margin-right-small:0px;--awb-margin-bottom-small:10px;--awb-margin-left-small:0px;\"><h2 class=\"fusion-title-heading title-heading-left fusion-responsive-typography-calculated\" style=\"margin:0;--fontSize:24;line-height:1.5;\">Modalitats del curs<\/h2><\/div><div class=\"fusion-tabs fusion-tabs-1 classic nav-is-justified horizontal-tabs icon-position-left mobile-mode-accordion\" style=\"--awb-title-border-radius-top-left:0px;--awb-title-border-radius-top-right:0px;--awb-title-border-radius-bottom-right:0px;--awb-title-border-radius-bottom-left:0px;--awb-alignment:start;--awb-inactive-color:#ebeaea;--awb-background-color:#ffffff;--awb-border-color:#ebeaea;--awb-active-border-color:#515471;\"><div class=\"nav\"><ul class=\"nav-tabs nav-justified\" role=\"tablist\" aria-orientation=\"horizontal\"><li class=\"active\" role=\"presentation\"><a class=\"tab-link\" data-toggle=\"tab\" role=\"tab\" aria-controls=\"tab-86486aeabeeaf2556c2\" aria-selected=\"true\" tabindex=\"0\" id=\"fusion-tab-86486aeabeeaf2556c2\" href=\"#tab-86486aeabeeaf2556c2\"><h3 class=\"fusion-tab-heading\">SETMANAL MATINS<\/h3><\/a><\/li><li  role=\"presentation\"><a class=\"tab-link\" data-toggle=\"tab\" role=\"tab\" aria-controls=\"tab-da277241172ea09b12c\" aria-selected=\"false\" tabindex=\"-1\" id=\"fusion-tab-da277241172ea09b12c\" href=\"#tab-da277241172ea09b12c\"><h3 class=\"fusion-tab-heading\">SETMANAL INTENSIVA<\/h3><\/a><\/li><\/ul><\/div><div class=\"tab-content\"><div class=\"nav fusion-mobile-tab-nav\"><ul class=\"nav-tabs nav-justified\" role=\"tablist\" aria-orientation=\"horizontal\"><li class=\"active\" role=\"presentation\"><a class=\"tab-link\" data-toggle=\"tab\" role=\"tab\" aria-controls=\"tab-86486aeabeeaf2556c2\" aria-selected=\"true\" tabindex=\"0\" id=\"mobile-fusion-tab-86486aeabeeaf2556c2\" href=\"#tab-86486aeabeeaf2556c2\"><h3 class=\"fusion-tab-heading\">SETMANAL MATINS<\/h3><\/a><\/li><\/ul><\/div><div class=\"tab-pane fade fusion-clearfix in active\" role=\"tabpanel\" tabindex=\"0\" aria-labelledby=\"fusion-tab-86486aeabeeaf2556c2\" id=\"tab-86486aeabeeaf2556c2\">\n<p>Aquesta modalitat setmanal del Curs de Flors de Bach \u00e9s molt recomanable per als que gaudeixen d&#039;una formaci\u00f3 intensiva amb qu\u00e8 disposar de la t\u00e8cnica en un curt per\u00edode de temps.<\/p>\n<ul>\n<li>10 hores presencials o en directe per videoconfer\u00e8ncia<\/li>\n<li>2 sessions de 9 a 14<\/li>\n<\/ul>\n<\/div><div class=\"nav fusion-mobile-tab-nav\"><ul class=\"nav-tabs nav-justified\" role=\"tablist\" aria-orientation=\"horizontal\"><li  role=\"presentation\"><a class=\"tab-link\" data-toggle=\"tab\" role=\"tab\" aria-controls=\"tab-da277241172ea09b12c\" aria-selected=\"false\" tabindex=\"-1\" id=\"mobile-fusion-tab-da277241172ea09b12c\" href=\"#tab-da277241172ea09b12c\"><h3 class=\"fusion-tab-heading\">SETMANAL INTENSIVA<\/h3><\/a><\/li><\/ul><\/div><div class=\"tab-pane fade fusion-clearfix\" role=\"tabpanel\" tabindex=\"0\" aria-labelledby=\"fusion-tab-da277241172ea09b12c\" id=\"tab-da277241172ea09b12c\">\n<p>Aquesta modalitat setmanal del Curs de Flors de Bach \u00e9s molt recomanable per als que prefereixen formar-se de manera progressiva tenint temps per practicar entre classe i classe.<\/p>\n<ul>\n<li>10 hores presencials o en directe per videoconfer\u00e8ncia<\/li>\n<li>1 jornades de 10 hores<\/li>\n<li>Horari de 9:00 a 14:00 i de 15:00 a 20:00<\/li>\n<\/ul>\n<\/div><\/div><\/div><\/div><\/div><\/div><\/div><div class=\"fusion-fullwidth fullwidth-box fusion-builder-row-6 fusion-flex-container has-pattern-background has-mask-background nonhundred-percent-fullwidth non-hundred-percent-height-scrolling\" style=\"--awb-border-radius-top-left:0px;--awb-border-radius-top-right:0px;--awb-border-radius-bottom-right:0px;--awb-border-radius-bottom-left:0px;--awb-flex-wrap:wrap;\" ><div class=\"fusion-builder-row fusion-row fusion-flex-align-items-flex-start fusion-flex-content-wrap\" style=\"max-width:1424.8px;margin-left: calc(-4% \/ 2 );margin-right: calc(-4% \/ 2 );\"><div class=\"fusion-layout-column fusion_builder_column fusion-builder-column-8 fusion_builder_column_1_1 1_1 fusion-flex-column\" style=\"--awb-bg-size:cover;--awb-width-large:100%;--awb-margin-top-large:0px;--awb-spacing-right-large:1.92%;--awb-margin-bottom-large:20px;--awb-spacing-left-large:1.92%;--awb-width-medium:100%;--awb-order-medium:0;--awb-spacing-right-medium:1.92%;--awb-spacing-left-medium:1.92%;--awb-width-small:100%;--awb-order-small:0;--awb-spacing-right-small:1.92%;--awb-spacing-left-small:1.92%;\"><div class=\"fusion-column-wrapper fusion-column-has-shadow fusion-flex-justify-content-flex-start fusion-content-layout-column\"><div class=\"fusion-title title fusion-title-4 fusion-title-text fusion-title-size-two\" style=\"--awb-margin-top-small:0px;--awb-margin-right-small:0px;--awb-margin-bottom-small:10px;--awb-margin-left-small:0px;\"><div class=\"title-sep-container title-sep-container-left fusion-no-large-visibility fusion-no-medium-visibility fusion-no-small-visibility\"><div class=\"title-sep sep-double sep-solid\" style=\"border-color:#e0dede;\"><\/div><\/div><span class=\"awb-title-spacer fusion-no-large-visibility fusion-no-medium-visibility fusion-no-small-visibility\"><\/span><h2 class=\"fusion-title-heading title-heading-left fusion-responsive-typography-calculated\" style=\"margin:0;--fontSize:24;line-height:1.5;\">Qu\u00e8 opinen les persones assistents?<\/h2><span class=\"awb-title-spacer\"><\/span><div class=\"title-sep-container title-sep-container-right\"><div class=\"title-sep sep-double sep-solid\" style=\"border-color:#e0dede;\"><\/div><\/div><\/div><div class=\"fusion-testimonials classic awb-speech-bubble-show fusion-testimonials-1\" style=\"--awb-textcolor:#747474;--awb-backgroundcolor:#f6f6f6;--awb-testimonial-border-style:solid;--awb-testimonial-border-color:var(--awb-color3);--awb-navigation-size:12px;--awb-border-top-left-radius:0px;--awb-border-top-right-radius:0px;--awb-border-bottom-left-radius:0px;--awb-border-bottom-right-radius:0px;--testimonial-border-width-top:0px;--testimonial-border-width-right:0px;--testimonial-border-width-bottom:0px;--testimonial-border-width-left:0px;\" data-random=\"0\" data-speed=\"6000\"><div class=\"reviews\"><div class=\"review active-testimonial male\"><blockquote><div class=\"awb-quote\"><div class=\"awb-quote-content\">\n<p>El curs intensiu de Flors de Bach amb Anna\u2026 ha estat molt pr\u00e0ctic i complet. Ja tinc codificat al meu cap el nom de cada ess\u00e8ncia i per a qu\u00e8 serveix\u2026Jo les prenc i les recepto a familiars, amics\/gues i Clients\/es<\/p>\n<\/div><\/div><span class=\"awb-triangle\"><\/span><\/blockquote><div class=\"author\"><span class=\"testimonial-thumbnail doe\"><\/span><span class=\"company-name\"><strong>Javier Alba<\/strong><\/span><\/div><\/div><div class=\"review female\"><blockquote><div class=\"awb-quote\"><div class=\"awb-quote-content\">\n<p>Admiro profundament d&#039;Anna la seva energia, entrega i professionalitat a l&#039;hora de transmetre els seus coneixements a cada formaci\u00f3.<br \/>\nAquesta formaci\u00f3 de Flors de Bach m&#039;ha donat una eina ideal per ajudar a l&#039;equilibri i la regulaci\u00f3 emocional que feia temps que buscava.<\/p>\n<\/div><\/div><span class=\"awb-triangle\"><\/span><\/blockquote><div class=\"author\"><span class=\"testimonial-thumbnail doe\"><\/span><span class=\"company-name\"><strong>Maria Carme Rodr\u00edguez<\/strong><span>, <\/span><span>Coach Experta en PAS<\/span><\/span><\/div><\/div><div class=\"review female\"><blockquote><div class=\"awb-quote\"><div class=\"awb-quote-content\">\n<p>Un curs molt enriquidor. Es resolen tots els teus dubtes perqu\u00e8 al final del curs et sentis amb confian\u00e7a per poder-los aplicar com a suport en els processos d&#039;acompanyament amb els teus clients, i per descomptat per a mi mateixa. Ho recomano molt, m&#039;ha encantat.<\/p>\n<\/div><\/div><span class=\"awb-triangle\"><\/span><\/blockquote><div class=\"author\"><span class=\"testimonial-thumbnail doe\"><\/span><span class=\"company-name\"><strong>Desir\u00e9e Caicedo<\/strong><span>, <\/span><span>Coaching amb PNL<\/span><\/span><\/div><\/div><div class=\"review female\"><blockquote><div class=\"awb-quote\"><div class=\"awb-quote-content\">\n<p>Ha estat una formaci\u00f3 fant\u00e0stica no nom\u00e9s pel contingut te\u00f2ric, sin\u00f3 tamb\u00e9 per la utilitat pr\u00e0ctica per poder fer f\u00f3rmules nom\u00e9s acabar el curs. A m\u00e9s, Anna imparteix de manera molt amena i professional. Estic molt satisfeta d&#039;haver fet aquesta formaci\u00f3.<\/p>\n<\/div><\/div><span class=\"awb-triangle\"><\/span><\/blockquote><div class=\"author\"><span class=\"testimonial-thumbnail doe\"><\/span><span class=\"company-name\"><strong>Nadia Hernandez<\/strong><span>, <\/span><span>Coach Experta en PNL<\/span><\/span><\/div><\/div><div class=\"review female\"><blockquote><div class=\"awb-quote\"><div class=\"awb-quote-content\">\n<p>Estic encantada amb el curs de Flors de Bach. Gr\u00e0cies a les explicacions clares i concises d&#039;Anna, he pogut entendre com funcionen les flors a la ment i als estats emocionals de les persones, aix\u00ed com la seva aplicaci\u00f3 adequada en diferents situacions.<br \/>\nA m\u00e9s, el curs ha incl\u00f2s exemples pr\u00e0ctics i casos reals que han enriquit el meu aprenentatge. Aix\u00f2 m&#039;ha perm\u00e8s de posar en pr\u00e0ctica els coneixements adquirits des del primer dia. Recomano aquest curs a qualsevol persona interessada a ampliar les seves eines al camp de l&#039;acompanyament.<\/p>\n<\/div><\/div><span class=\"awb-triangle\"><\/span><\/blockquote><div class=\"author\"><span class=\"testimonial-thumbnail doe\"><\/span><span class=\"company-name\"><strong>Cindy Pe\u00f1alver<\/strong><span>, <\/span><span>Trainer Internacional de PNL<\/span><\/span><\/div><\/div><div class=\"review female\"><blockquote><div class=\"awb-quote\"><div class=\"awb-quote-content\">\n<p>El curs sobre Flors de Bach \u00e9s molt interessant i t&#039;obre cam\u00ed per implementar-lo com a acompanyament en sessions, m\u00e9s enll\u00e0 de l&#039;\u00fas personal. \u00c9s excel\u00b7lent i ho recomano 100%. Anna \u00e9s talentosa i t\u00e9 molt\u00edssima experi\u00e8ncia.<\/p>\n<\/div><\/div><span class=\"awb-triangle\"><\/span><\/blockquote><div class=\"author\"><span class=\"testimonial-thumbnail doe\"><\/span><span class=\"company-name\"><strong>Fernanda Actis Aubagna<\/strong><span>, <\/span><span>Coach Experta a PNL i Hipnosi Ericksoniana<\/span><\/span><\/div><\/div><div class=\"review alignment-left female\"><blockquote><div class=\"awb-quote\"><div class=\"awb-quote-content\">\n<p>L&#039;experi\u00e8ncia del curs de Flors de Bach va ser molt enriquidora. M&#039;ha ajudat a con\u00e8ixer-me millor, a saber quines flors em van millor a cada moment i no deixar en mans dels altres la meva millora. Tamb\u00e9 m&#039;anir\u00e0 molt b\u00e9 per ajudar la meva fam\u00edlia preparant el que crec que els pot anar millor a cada moment!<br \/>\nHa estat una experi\u00e8ncia molt recomanable. A mi m&#039;ha servit molt!<\/p>\n<\/div><\/div><span class=\"awb-triangle\"><\/span><\/blockquote><div class=\"author\"><span class=\"testimonial-thumbnail doe\"><\/span><span class=\"company-name\"><strong>Ada Gimenez<\/strong><span>, <\/span><span>Directora General<\/span><\/span><\/div><\/div><\/div><\/div><\/div><\/div><\/div><\/div><div class=\"fusion-fullwidth fullwidth-box fusion-builder-row-7 fusion-flex-container nonhundred-percent-fullwidth non-hundred-percent-height-scrolling\" style=\"--awb-border-radius-top-left:0px;--awb-border-radius-top-right:0px;--awb-border-radius-bottom-right:0px;--awb-border-radius-bottom-left:0px;--awb-flex-wrap:wrap;\" ><div class=\"fusion-builder-row fusion-row fusion-flex-align-items-flex-start fusion-flex-content-wrap\" style=\"max-width:1424.8px;margin-left: calc(-4% \/ 2 );margin-right: calc(-4% \/ 2 );\"><div class=\"fusion-layout-column fusion_builder_column fusion-builder-column-9 fusion_builder_column_1_1 1_1 fusion-flex-column\" style=\"--awb-bg-size:cover;--awb-width-large:100%;--awb-margin-top-large:0px;--awb-spacing-right-large:1.92%;--awb-margin-bottom-large:20px;--awb-spacing-left-large:1.92%;--awb-width-medium:100%;--awb-order-medium:0;--awb-spacing-right-medium:1.92%;--awb-spacing-left-medium:1.92%;--awb-width-small:100%;--awb-order-small:0;--awb-spacing-right-small:1.92%;--awb-spacing-left-small:1.92%;\"><div class=\"fusion-column-wrapper fusion-column-has-shadow fusion-flex-justify-content-flex-start fusion-content-layout-column\"><div class=\"fusion-menu-anchor\" id=\"PROXIMAS-EDICIONES-DE-LA-FORMACION\"><\/div><div class=\"fusion-title title fusion-title-5 fusion-title-text fusion-title-size-two\" style=\"--awb-margin-top-small:0px;--awb-margin-right-small:0px;--awb-margin-bottom-small:10px;--awb-margin-left-small:0px;\"><div class=\"title-sep-container title-sep-container-left fusion-no-large-visibility fusion-no-medium-visibility fusion-no-small-visibility\"><div class=\"title-sep sep-double sep-solid\" style=\"border-color:#e0dede;\"><\/div><\/div><span class=\"awb-title-spacer fusion-no-large-visibility fusion-no-medium-visibility fusion-no-small-visibility\"><\/span><h2 class=\"fusion-title-heading title-heading-left fusion-responsive-typography-calculated\" style=\"margin:0;--fontSize:24;line-height:1.5;\">Properes edicions del Curs de Flors de Bach<\/h2><span class=\"awb-title-spacer\"><\/span><div class=\"title-sep-container title-sep-container-right\"><div class=\"title-sep sep-double sep-solid\" style=\"border-color:#e0dede;\"><\/div><\/div><\/div><div class=\"fusion-post-cards fusion-post-cards-1 fusion-grid-archive fusion-grid-columns-2\" style=\"--awb-dots-align:center;--awb-columns:2;--awb-active-filter-border-size:3px;--awb-filters-height:36px;\" data-post-type-label=\"portfolio\"><ul class=\"fusion-grid fusion-grid-2 fusion-flex-align-items-stretch fusion-grid-posts-cards\"><li class=\"fusion-layout-column fusion_builder_column fusion-builder-column-10 fusion-flex-column post-card fusion-grid-column fusion-post-cards-grid-column\" style=\"--awb-overflow:hidden;--awb-bg-size:cover;--awb-box-shadow: 0px 0px ;;--awb-border-color:var(--awb-color7);--awb-border-top:2px;--awb-border-right:2px;--awb-border-bottom:2px;--awb-border-left:2px;--awb-border-style:solid;--awb-border-radius:16px 16px 16px 16px;--awb-flex-grow:0;--awb-flex-shrink:0;--awb-flex-grow-medium:0;--awb-flex-shrink-medium:0;--awb-flex-grow-small:0;--awb-flex-shrink-small:0;\"><div class=\"fusion-column-wrapper fusion-column-has-shadow fusion-flex-justify-content-space-between fusion-content-layout-column\"><div class=\"fusion-builder-row fusion-builder-row-inner fusion-row fusion-flex-align-items-flex-start fusion-flex-content-wrap\" style=\"--awb-flex-grow:0;--awb-flex-grow-medium:0;--awb-flex-grow-small:0;--awb-flex-shrink:0;--awb-flex-shrink-medium:0;--awb-flex-shrink-small:0;width:104% !important;max-width:104% !important;margin-left: calc(-4% \/ 2 );margin-right: calc(-4% \/ 2 );\"><div class=\"fusion-layout-column fusion_builder_column_inner fusion-builder-nested-column-0 fusion_builder_column_inner_1_1 1_1 fusion-flex-column\" style=\"--awb-padding-top:2%;--awb-padding-bottom:2%;--awb-bg-image:linear-gradient(180deg, #6E8C38 0%,#6E8C38 100%);--awb-bg-size:cover;--awb-width-large:100%;--awb-margin-top-large:0px;--awb-spacing-right-large:1.92%;--awb-margin-bottom-large:0px;--awb-spacing-left-large:1.92%;--awb-width-medium:100%;--awb-order-medium:0;--awb-spacing-right-medium:1.92%;--awb-spacing-left-medium:1.92%;--awb-width-small:100%;--awb-order-small:0;--awb-spacing-right-small:1.92%;--awb-spacing-left-small:1.92%;\"><div class=\"fusion-column-wrapper fusion-column-has-shadow fusion-flex-justify-content-space-between fusion-content-layout-column\"><div class=\"fusion-title title fusion-title-6 fusion-sep-none fusion-title-center fusion-title-text fusion-title-size-two\" style=\"--awb-text-color:var(--awb-color1);--awb-margin-top-small:0px;--awb-margin-right-small:0px;--awb-margin-bottom-small:10px;--awb-margin-left-small:0px;\"><h2 class=\"fusion-title-heading title-heading-center fusion-responsive-typography-calculated\" style=\"margin:0;text-transform:uppercase;--fontSize:24;line-height:1.5;\">Curs de Flors de Bach<\/h2><\/div><div class=\"fusion-title title fusion-title-7 fusion-sep-none fusion-title-center fusion-title-text fusion-title-size-four\" style=\"--awb-text-color:var(--awb-color1);--awb-margin-top-small:0px;--awb-margin-right-small:0px;--awb-margin-bottom-small:10px;--awb-margin-left-small:0px;\"><h4 class=\"fusion-title-heading title-heading-center fusion-responsive-typography-calculated\" style=\"margin:0;--fontSize:18;--minFontSize:18;line-height:1.5;\">Presencial i videoconfer\u00e8ncia en directe<\/h4><\/div><div class=\"fusion-text fusion-text-5\" style=\"--awb-content-alignment:center;--awb-text-color:var(--awb-color1);\"><p>Inici: 3 de febrer de 2027<\/p>\n<\/div><div class=\"fusion-text fusion-text-6\" style=\"--awb-content-alignment:center;--awb-text-color:var(--awb-color1);\"><p>Modalitat: 2 dimecres al mat\u00ed consecutius <\/p>\n<\/div><div class=\"fusion-text fusion-text-7\" style=\"--awb-content-alignment:center;\"><span style=\"background-color: blue; color: #ffffff; padding: 10px 20px; border-radius: 5px; display: inline-block;\">OBERT<\/span>\n<\/div><\/div><\/div><\/div><div class=\"fusion-text fusion-text-8 fusion-text-no-margin-sm\" style=\"--awb-content-alignment:left;--awb-margin-left:2%;--awb-margin-bottom-small:0px;\"><div class=\"accordian fusion-accordian\" style=\"--awb-border-size:1px;--awb-icon-size:26px;--awb-content-font-size:16px;--awb-icon-alignment:left;--awb-hover-color:#f9f9f9;--awb-border-color:#cccccc;--awb-background-color:#ffffff;--awb-divider-color:#e0dede;--awb-divider-hover-color:#e0dede;--awb-icon-color:#001ee5;--awb-title-color:#567fa9;--awb-content-color:#747474;--awb-icon-box-color:#333333;--awb-toggle-hover-accent-color:#515471;--awb-title-font-family:&quot;PT Sans&quot;;--awb-title-font-weight:400;--awb-title-font-style:normal;--awb-title-font-size:var(--awb-typography2-font-size);--awb-content-font-family:&quot;PT Sans&quot;;--awb-content-font-style:normal;--awb-content-font-weight:400;\"><div class=\"panel-group fusion-toggle-icon-unboxed\" id=\"accordion-23448-3\"><div class=\"fusion-panel panel-default panel-3d95eac1dcb804abd fusion-toggle-no-divider\"><div class=\"panel-heading\"><h4 class=\"panel-title toggle\" id=\"toggle_3d95eac1dcb804abd\"><a aria-expanded=\"false\" aria-controls=\"3d95eac1dcb804abd\" role=\"button\" data-toggle=\"collapse\" data-parent=\"#accordion-23448-3\" data-target=\"#3d95eac1dcb804abd\" href=\"#3d95eac1dcb804abd\"><span class=\"fusion-toggle-icon-wrapper\" aria-hidden=\"true\"><i class=\"fa-fusion-box active-icon fa-angle-up fas\" aria-hidden=\"true\"><\/i><i class=\"fa-fusion-box inactive-icon fa-angle-right fas\" aria-hidden=\"true\"><\/i><\/span><span class=\"fusion-toggle-heading\">Detall de les dates del curs<\/span><\/a><\/h4><\/div><div id=\"3d95eac1dcb804abd\" class=\"panel-collapse collapse\" aria-labelledby=\"toggle_3d95eac1dcb804abd\"><div class=\"panel-body toggle-content fusion-clearfix\"><p>Inici, el 3 de febrer, i s\u00f3n 2 dimecres consecutius al mat\u00ed, no festius, de 9h. a 14h.<\/p>\n<ul>\n<li>Dimecres 3 i dimecres 10 de febrer de 2027<\/li>\n<\/ul>\n<\/div><\/div><\/div><\/div><\/div>\n<\/div><div class=\"fusion-text fusion-text-9\" style=\"--awb-content-alignment:left;--awb-margin-right:2%;--awb-margin-left:2%;\"><div class=\"accordian fusion-accordian\" style=\"--awb-border-size:1px;--awb-icon-size:26px;--awb-content-font-size:16px;--awb-icon-alignment:left;--awb-hover-color:#f9f9f9;--awb-border-color:#cccccc;--awb-background-color:#ffffff;--awb-divider-color:#e0dede;--awb-divider-hover-color:#e0dede;--awb-icon-color:#001ee5;--awb-title-color:#567fa9;--awb-content-color:#747474;--awb-icon-box-color:#333333;--awb-toggle-hover-accent-color:#515471;--awb-title-font-family:&quot;PT Sans&quot;;--awb-title-font-weight:400;--awb-title-font-style:normal;--awb-title-font-size:var(--awb-typography2-font-size);--awb-content-font-family:&quot;PT Sans&quot;;--awb-content-font-style:normal;--awb-content-font-weight:400;\"><div class=\"panel-group fusion-toggle-icon-unboxed\" id=\"accordion-23448-4\"><div class=\"fusion-panel panel-default panel-c57fac1e2745fe3c1 fusion-toggle-no-divider\"><div class=\"panel-heading\"><h4 class=\"panel-title toggle\" id=\"toggle_c57fac1e2745fe3c1\"><a aria-expanded=\"false\" aria-controls=\"c57fac1e2745fe3c1\" role=\"button\" data-toggle=\"collapse\" data-parent=\"#accordion-23448-4\" data-target=\"#c57fac1e2745fe3c1\" href=\"#c57fac1e2745fe3c1\"><span class=\"fusion-toggle-icon-wrapper\" aria-hidden=\"true\"><i class=\"fa-fusion-box active-icon fa-angle-up fas\" aria-hidden=\"true\"><\/i><i class=\"fa-fusion-box inactive-icon fa-angle-right fas\" aria-hidden=\"true\"><\/i><\/span><span class=\"fusion-toggle-heading\">Costos i condicions<\/span><\/a><\/h4><\/div><div id=\"c57fac1e2745fe3c1\" class=\"panel-collapse collapse\" aria-labelledby=\"toggle_c57fac1e2745fe3c1\"><div class=\"panel-body toggle-content fusion-clearfix\">El cost del curs \u00e9s de 290\u20ac per\u00f2 si el pagues 30 dies abans de l&#039;inici queda a <span style=\"color: #0000ff;\">250\u20ac.<\/span><\/div><\/div><\/div><\/div><\/div>\n<\/div><div class=\"fusion-separator\" style=\"align-self: center;margin-left: auto;margin-right: auto;margin-top:0px;margin-bottom:0px;width:100%;max-width:94%;\"><div class=\"fusion-separator-border sep-single sep-solid\" style=\"--awb-height:20px;--awb-amount:20px;--awb-sep-color:var(--awb-color4);border-color:var(--awb-color4);border-top-width:1px;\"><\/div><\/div><div style=\"text-align:center;\"><a class=\"fusion-button button-flat button-xlarge button-custom fusion-button-default button-2 fusion-button-default-span fusion-button-default-type\" style=\"--awb-margin-top:20px;--button_accent_color:#ffffff;--button_accent_hover_color:#ffffff;--button_border_hover_color:#ffffff;--button-border-radius-top-left:16px;--button-border-radius-top-right:16px;--button-border-radius-bottom-right:16px;--button-border-radius-bottom-left:16px;--button_gradient_top_color:var(--awb-color8);--button_gradient_bottom_color:var(--awb-color8);--button_gradient_top_color_hover:#515471;--button_gradient_bottom_color_hover:#515471;\" target=\"_self\" href=\"https:\/\/institutannaflores.com\/finalizar-compra\/?add-to-cart=7869\"><i class=\"fa-credit-card far awb-button__icon awb-button__icon--default button-icon-left\" aria-hidden=\"true\"><\/i><span class=\"fusion-button-text awb-button__text awb-button__text--default\">COMPRAR ARA<\/span><\/a><\/div><div class=\"fusion-separator fusion-full-width-sep\" style=\"align-self: center;margin-left: auto;margin-right: auto;margin-top:20px;margin-bottom:0px;width:100%;max-width:100%;\"><div class=\"fusion-separator-border sep-single sep-solid\" style=\"--awb-height:20px;--awb-amount:20px;--awb-sep-color:var(--awb-color4);border-color:var(--awb-color4);border-top-width:0px;\"><\/div><\/div><div class=\"fusion-builder-row fusion-builder-row-inner fusion-row fusion-flex-align-items-flex-start fusion-flex-content-wrap\" style=\"--awb-flex-grow:0;--awb-flex-grow-medium:0;--awb-flex-grow-small:0;--awb-flex-shrink:0;--awb-flex-shrink-medium:0;--awb-flex-shrink-small:0;width:104% !important;max-width:104% !important;margin-left: calc(-4% \/ 2 );margin-right: calc(-4% \/ 2 );\"><div class=\"fusion-layout-column fusion_builder_column_inner fusion-builder-nested-column-1 fusion_builder_column_inner_1_1 1_1 fusion-flex-column\" style=\"--awb-padding-top:3%;--awb-padding-bottom:3%;--awb-bg-color:var(--awb-custom13);--awb-bg-color-hover:var(--awb-custom13);--awb-bg-size:cover;--awb-border-color:var(--awb-color6);--awb-border-top:2px;--awb-border-style:solid;--awb-width-large:100%;--awb-margin-top-large:0px;--awb-spacing-right-large:1.92%;--awb-margin-bottom-large:0px;--awb-spacing-left-large:1.92%;--awb-width-medium:100%;--awb-order-medium:0;--awb-spacing-right-medium:1.92%;--awb-spacing-left-medium:1.92%;--awb-width-small:100%;--awb-order-small:0;--awb-spacing-right-small:1.92%;--awb-spacing-left-small:1.92%;\"><div class=\"fusion-column-wrapper fusion-column-has-shadow fusion-flex-justify-content-center fusion-content-layout-column\"><div class=\"fusion-text fusion-text-10 fusion-text-no-margin\" style=\"--awb-content-alignment:center;--awb-margin-top:0px;--awb-margin-bottom:0px;\"><p>Si vols m\u00e9s informaci\u00f3, pots accedir al formulari de contacte <a href=\"https:\/\/www.annaflores.es\/formulario-mas-informacion-pnl-coaching-hipnosis-anna-flores\/\" target=\"_blank\" rel=\"noopener\">AQU\u00cd<\/a>.<\/p>\n<\/div><\/div><\/div><\/div><\/div><\/li>\n<\/ul><\/div><\/div><\/div><\/div><\/div>\n<\/p>",
        "protected": false
    },
    "excerpt": {
        "rendered": "",
        "protected": false
    },
    "author": 2,
    "featured_media": 0,
    "parent": 0,
    "menu_order": 0,
    "comment_status": "open",
    "ping_status": "open",
    "template": "",
    "meta": {
        "_acf_changed": false,
        "footnotes": ""
    },
    "class_list": [
        "post-19931",
        "page",
        "type-page",
        "status-publish",
        "hentry"
    ],
    "acf": [],
    "yoast_head": "<!-- This site is optimized with the Yoast SEO Premium plugin v23.9 (Yoast SEO v27.4) - https:\/\/yoast.com\/product\/yoast-seo-premium-wordpress\/ -->\n<title>Curs de Flors de Bach per aplicar a Coaching, PNL i Ter\u00e0pia<\/title>\n<meta name=\"description\" content=\"El Curs de Flors de Bach de l&#039;Institut Anna Flores ensenya l&#039;\u00fas de les Flors de Bach a les sessions de Coaching o Ter\u00e0pia\" \/>\n<meta name=\"robots\" content=\"index, follow, max-snippet:-1, max-image-preview:large, max-video-preview:-1\" \/>\n<link rel=\"canonical\" href=\"https:\/\/annaflores.es\/ca\/curs-de-flors-de-bach\/\" \/>\n<meta property=\"og:locale\" content=\"ca_ES\" \/>\n<meta property=\"og:type\" content=\"article\" \/>\n<meta property=\"og:title\" content=\"Curs de Flors de Bach\" \/>\n<meta property=\"og:description\" content=\"Formaci\u00f3 concebuda per con\u00e8ixer els fonaments de la ter\u00e0pia floral aplicades a disciplines d&#039;acompanyament\" \/>\n<meta property=\"og:url\" content=\"https:\/\/annaflores.es\/ca\/curs-de-flors-de-bach\/\" \/>\n<meta property=\"og:site_name\" content=\"Anna Flores\" \/>\n<meta property=\"article:publisher\" content=\"https:\/\/www.facebook.com\/InstitutCoachingPNLAnnaFlores\/\" \/>\n<meta property=\"article:modified_time\" content=\"2026-04-24T17:28:49+00:00\" \/>\n<meta property=\"og:image\" content=\"https:\/\/annaflores.es\/wp-content\/uploads\/Flors-de-Bach.jpg\" \/>\n\t<meta property=\"og:image:width\" content=\"1251\" \/>\n\t<meta property=\"og:image:height\" content=\"793\" \/>\n\t<meta property=\"og:image:type\" content=\"image\/jpeg\" \/>\n<meta name=\"twitter:card\" content=\"summary_large_image\" \/>\n<meta name=\"twitter:label1\" content=\"Temps estimat de lectura\" \/>\n\t<meta name=\"twitter:data1\" content=\"5 minuts\" \/>\n<!-- \/ Yoast SEO Premium plugin. -->",
    "yoast_head_json": {
        "title": "Curs de Flors de Bach per aplicar a Coaching, PNL i Ter\u00e0pia",
        "description": "El Curs de Flors de Bach de l&#039;Institut Anna Flores ensenya l&#039;\u00fas de les Flors de Bach a les sessions de Coaching o Ter\u00e0pia",
        "robots": {
            "index": "index",
            "follow": "follow",
            "max-snippet": "max-snippet:-1",
            "max-image-preview": "max-image-preview:large",
            "max-video-preview": "max-video-preview:-1"
        },
        "canonical": "https:\/\/annaflores.es\/ca\/curs-de-flors-de-bach\/",
        "og_locale": "ca_ES",
        "og_type": "article",
        "og_title": "Curso de Flores de Bach",
        "og_description": "Formaci\u00f3n concebida para conocer los fundamentos de la terapia floral aplicadas a disciplinas de acompa\u00f1amiento",
        "og_url": "https:\/\/annaflores.es\/ca\/curs-de-flors-de-bach\/",
        "og_site_name": "Anna Flores",
        "article_publisher": "https:\/\/www.facebook.com\/InstitutCoachingPNLAnnaFlores\/",
        "article_modified_time": "2026-04-24T17:28:49+00:00",
        "og_image": [
            {
                "width": 1251,
                "height": 793,
                "url": "https:\/\/annaflores.es\/wp-content\/uploads\/Flores-de-Bach.jpg",
                "type": "image\/jpeg"
            }
        ],
        "twitter_card": "summary_large_image",
        "twitter_misc": {
            "Temps estimat de lectura": "5 minuts"
        },
        "schema": {
            "@context": "https:\/\/schema.org",
            "@graph": [
                {
                    "@type": "WebPage",
                    "@id": "https:\/\/annaflores.es\/curso-de-flores-de-bach\/",
                    "url": "https:\/\/annaflores.es\/curso-de-flores-de-bach\/",
                    "name": "Curs de Flors de Bach per aplicar a Coaching, PNL i Ter\u00e0pia",
                    "isPartOf": {
                        "@id": "https:\/\/annaflores.es\/#website"
                    },
                    "datePublished": "2023-07-21T11:40:30+00:00",
                    "dateModified": "2026-04-24T17:28:49+00:00",
                    "description": "El Curs de Flors de Bach de l&#039;Institut Anna Flores ensenya l&#039;\u00fas de les Flors de Bach a les sessions de Coaching o Ter\u00e0pia",
                    "breadcrumb": {
                        "@id": "https:\/\/annaflores.es\/curso-de-flores-de-bach\/#breadcrumb"
                    },
                    "inLanguage": "ca",
                    "potentialAction": [
                        {
                            "@type": "ReadAction",
                            "target": [
                                "https:\/\/annaflores.es\/curso-de-flores-de-bach\/"
                            ]
                        }
                    ]
                },
                {
                    "@type": "BreadcrumbList",
                    "@id": "https:\/\/annaflores.es\/curso-de-flores-de-bach\/#breadcrumb",
                    "itemListElement": [
                        {
                            "@type": "ListItem",
                            "position": 1,
                            "name": "Inicio",
                            "item": "https:\/\/annaflores.es\/"
                        },
                        {
                            "@type": "ListItem",
                            "position": 2,
                            "name": "Curso de Flores de Bach"
                        }
                    ]
                },
                {
                    "@type": "WebSite",
                    "@id": "https:\/\/annaflores.es\/#website",
                    "url": "https:\/\/annaflores.es\/",
                    "name": "Anna Flores",
                    "description": "Cursos de Coaching i PNL a Barcelona",
                    "publisher": {
                        "@id": "https:\/\/annaflores.es\/#organization"
                    },
                    "alternateName": "Institut Anna Flores",
                    "potentialAction": [
                        {
                            "@type": "SearchAction",
                            "target": {
                                "@type": "EntryPoint",
                                "urlTemplate": "https:\/\/annaflores.es\/?s={search_term_string}"
                            },
                            "query-input": {
                                "@type": "PropertyValueSpecification",
                                "valueRequired": true,
                                "valueName": "search_term_string"
                            }
                        }
                    ],
                    "inLanguage": "ca"
                },
                {
                    "@type": "Organization",
                    "@id": "https:\/\/annaflores.es\/#organization",
                    "name": "Institut Anna Flors",
                    "alternateName": "Anna Flores",
                    "url": "https:\/\/annaflores.es\/",
                    "logo": {
                        "@type": "ImageObject",
                        "inLanguage": "ca",
                        "@id": "https:\/\/annaflores.es\/#\/schema\/logo\/image\/",
                        "url": "https:\/\/annaflores.es\/wp-content\/uploads\/IAFCAT-BLAU-MES-INTENS_traspa-e1610467605488.png",
                        "contentUrl": "https:\/\/annaflores.es\/wp-content\/uploads\/IAFCAT-BLAU-MES-INTENS_traspa-e1610467605488.png",
                        "width": 200,
                        "height": 51,
                        "caption": "Instituto Anna Flores"
                    },
                    "image": {
                        "@id": "https:\/\/annaflores.es\/#\/schema\/logo\/image\/"
                    },
                    "sameAs": [
                        "https:\/\/www.facebook.com\/InstitutCoachingPNLAnnaFlores\/",
                        "https:\/\/www.instagram.com\/annafloresinstitut\/",
                        "https:\/\/www.linkedin.com\/in\/annaflorescoaching\/",
                        "https:\/\/www.youtube.com\/c\/InstitutodePNLyCoachingAnnaFlores"
                    ]
                }
            ]
        }
    },
    "_links": {
        "self": [
            {
                "href": "https:\/\/www.annaflores.es\/ca\/wp-json\/wp\/v2\/pages\/19931",
                "targetHints": {
                    "allow": [
                        "GET"
                    ]
                }
            }
        ],
        "collection": [
            {
                "href": "https:\/\/www.annaflores.es\/ca\/wp-json\/wp\/v2\/pages"
            }
        ],
        "about": [
            {
                "href": "https:\/\/www.annaflores.es\/ca\/wp-json\/wp\/v2\/types\/page"
            }
        ],
        "author": [
            {
                "embeddable": true,
                "href": "https:\/\/www.annaflores.es\/ca\/wp-json\/wp\/v2\/users\/2"
            }
        ],
        "replies": [
            {
                "embeddable": true,
                "href": "https:\/\/www.annaflores.es\/ca\/wp-json\/wp\/v2\/comments?post=19931"
            }
        ],
        "version-history": [
            {
                "count": 0,
                "href": "https:\/\/www.annaflores.es\/ca\/wp-json\/wp\/v2\/pages\/19931\/revisions"
            }
        ],
        "wp:attachment": [
            {
                "href": "https:\/\/www.annaflores.es\/ca\/wp-json\/wp\/v2\/media?parent=19931"
            }
        ],
        "curies": [
            {
                "name": "wp",
                "href": "https:\/\/api.w.org\/{rel}",
                "templated": true
            }
        ]
    }
}