{
    "id": 6457,
    "date": "2015-09-13T18:10:40",
    "date_gmt": "2015-09-13T18:10:40",
    "guid": {
        "rendered": "http:\/\/test.annaflores.es\/?page_id=6457"
    },
    "modified": "2026-04-11T14:42:34",
    "modified_gmt": "2026-04-11T12:42:34",
    "slug": "tots-els-cursos-pnl-coaching-hipnosi",
    "status": "publish",
    "type": "page",
    "link": "https:\/\/www.annaflores.es\/ca\/todos-los-cursos\/",
    "title": {
        "rendered": "Tots els cursos"
    },
    "content": {
        "rendered": "<p><div class=\"fusion-fullwidth fullwidth-box fusion-builder-row-1 fusion-flex-container hundred-percent-fullwidth non-hundred-percent-height-scrolling\" style=\"--awb-border-radius-top-left:0px;--awb-border-radius-top-right:0px;--awb-border-radius-bottom-right:0px;--awb-border-radius-bottom-left:0px;--awb-overflow:visible;--awb-flex-wrap:wrap;\" ><div class=\"fusion-builder-row fusion-row fusion-flex-align-items-flex-start fusion-flex-content-wrap\" style=\"width:104% !important;max-width:104% !important;margin-left: calc(-4% \/ 2 );margin-right: calc(-4% \/ 2 );\"><div class=\"fusion-layout-column fusion_builder_column fusion-builder-column-0 fusion_builder_column_1_1 1_1 fusion-flex-column\" style=\"--awb-bg-size:cover;--awb-width-large:100%;--awb-margin-top-large:0px;--awb-spacing-right-large:1.92%;--awb-margin-bottom-large:20px;--awb-spacing-left-large:1.92%;--awb-width-medium:100%;--awb-order-medium:0;--awb-spacing-right-medium:1.92%;--awb-spacing-left-medium:1.92%;--awb-width-small:100%;--awb-order-small:0;--awb-spacing-right-small:1.92%;--awb-spacing-left-small:1.92%;\"><div class=\"fusion-column-wrapper fusion-column-has-shadow fusion-flex-justify-content-flex-start fusion-content-layout-column\"><div class=\"fusion-title title fusion-title-1 fusion-sep-none fusion-title-center fusion-title-text fusion-title-size-one\" style=\"--awb-margin-top-small:0px;--awb-margin-right-small:0px;--awb-margin-bottom-small:10px;--awb-margin-left-small:0px;\"><h1 class=\"fusion-title-heading title-heading-center fusion-responsive-typography-calculated\" style=\"margin:0;--fontSize:36;line-height:1.4;\">TOTS ELS CURSOS<\/h1><\/div><div class=\"fusion-title title fusion-title-2 fusion-title-text fusion-title-size-two\" style=\"--awb-margin-top-small:0px;--awb-margin-right-small:0px;--awb-margin-bottom-small:10px;--awb-margin-left-small:0px;\"><div class=\"title-sep-container title-sep-container-left fusion-no-large-visibility fusion-no-medium-visibility fusion-no-small-visibility\"><div class=\"title-sep sep-double sep-solid\" style=\"border-color:#e0dede;\"><\/div><\/div><span class=\"awb-title-spacer fusion-no-large-visibility fusion-no-medium-visibility fusion-no-small-visibility\"><\/span><h2 class=\"fusion-title-heading title-heading-left fusion-responsive-typography-calculated\" style=\"margin:0;--fontSize:24;line-height:1.5;\">Cursos Presencials<\/h2><span class=\"awb-title-spacer\"><\/span><div class=\"title-sep-container title-sep-container-right\"><div class=\"title-sep sep-double sep-solid\" style=\"border-color:#e0dede;\"><\/div><\/div><\/div><\/div><\/div><div class=\"fusion-layout-column fusion_builder_column fusion-builder-column-1 fusion_builder_column_1_3 1_3 fusion-flex-column\" style=\"--awb-bg-blend:overlay;--awb-bg-size:cover;--awb-width-large:33.333333333333%;--awb-margin-top-large:0px;--awb-spacing-right-large:5.76%;--awb-margin-bottom-large:20px;--awb-spacing-left-large:5.76%;--awb-width-medium:100%;--awb-spacing-right-medium:1.92%;--awb-spacing-left-medium:1.92%;--awb-width-small:100%;--awb-spacing-right-small:1.92%;--awb-spacing-left-small:1.92%;\"><div class=\"fusion-column-wrapper fusion-flex-justify-content-flex-start fusion-content-layout-column\"><div class=\"fusion-image-element\" style=\"--awb-caption-title-font-family:var(--h2_typography-font-family);--awb-caption-title-font-weight:var(--h2_typography-font-weight);--awb-caption-title-font-style:var(--h2_typography-font-style);--awb-caption-title-size:var(--h2_typography-font-size);--awb-caption-title-transform:var(--h2_typography-text-transform);--awb-caption-title-line-height:var(--h2_typography-line-height);--awb-caption-title-letter-spacing:var(--h2_typography-letter-spacing);\"><span class=\"fusion-imageframe imageframe-none imageframe-1 hover-type-none\"><a class=\"fusion-no-lightbox\" href=\"https:\/\/www.annaflores.es\/curso-de-coach-certificado-en-pnl\/\" target=\"_blank\" aria-label=\"pastilla Coach Certificat a PNL Aplicada\" rel=\"noopener noreferrer\"><img decoding=\"async\" width=\"1251\" height=\"792\" src=\"https:\/\/www.annaflores.es\/wp-content\/uploads\/pastilla-Coach-Certificado-en-PNL-Aplicada.png\" data-orig-src=\"https:\/\/www.annaflores.es\/wp-content\/uploads\/pastilla-Coach-Certificado-en-PNL-Aplicada.png\" alt class=\"lazyload img-responsive wp-image-24006\" srcset=\"data:image\/svg+xml,%3Csvg%20xmlns%3D%27http%3A%2F%2Fwww.w3.org%2F2000%2Fsvg%27%20width%3D%271251%27%20height%3D%27792%27%20viewBox%3D%270%200%201251%20792%27%3E%3Crect%20width%3D%271251%27%20height%3D%27792%27%20fill-opacity%3D%220%22%2F%3E%3C%2Fsvg%3E\" data-srcset=\"https:\/\/annaflores.es\/wp-content\/uploads\/pastilla-Coach-Certificado-en-PNL-Aplicada-200x127.png 200w, https:\/\/annaflores.es\/wp-content\/uploads\/pastilla-Coach-Certificado-en-PNL-Aplicada-400x253.png 400w, https:\/\/annaflores.es\/wp-content\/uploads\/pastilla-Coach-Certificado-en-PNL-Aplicada-600x380.png 600w, https:\/\/annaflores.es\/wp-content\/uploads\/pastilla-Coach-Certificado-en-PNL-Aplicada-800x506.png 800w, https:\/\/annaflores.es\/wp-content\/uploads\/pastilla-Coach-Certificado-en-PNL-Aplicada-1200x760.png 1200w, https:\/\/annaflores.es\/wp-content\/uploads\/pastilla-Coach-Certificado-en-PNL-Aplicada.png 1251w\" data-sizes=\"auto\" data-orig-sizes=\"(max-width: 1024px) 100vw, (max-width: 640px) 100vw, 600px\" \/><\/a><\/span><\/div><div class=\"fusion-text fusion-text-1\"><p>\u00c9s una formaci\u00f3<strong>\u00a0pr\u00e0ctica, efectiva i orientada a resultats reals.\u00a0<\/strong>\u00a0dissenyada per a persones que volen\u00a0<strong>acompanyar processos de canvi de forma efica\u00e7, \u00e8tica i profunda<\/strong>, integrant\u00a0<a href=\"https:\/\/www.annaflores.es\/coaching\/\" target=\"_blank\" rel=\"noopener\">Coaching<\/a>\u00a0i\u00a0<a href=\"https:\/\/www.annaflores.es\/pnl\/\" target=\"_blank\" rel=\"noopener\">Programaci\u00f3 Neuroling\u00fc\u00edstica (PNL)<\/a>\u00a0des de la pr\u00e0ctica real. <a href=\"https:\/\/www.annaflores.es\/curso-de-coach-certificado-en-pnl\/\" target=\"_blank\" rel=\"noopener noreferrer\"><strong><span style=\"color: #0000ff;\"> VEURE CURS<\/span><\/strong><\/a><\/p>\n<\/div><\/div><\/div><div class=\"fusion-layout-column fusion_builder_column fusion-builder-column-2 fusion_builder_column_1_3 1_3 fusion-flex-column\" style=\"--awb-bg-blend:overlay;--awb-bg-size:cover;--awb-width-large:33.333333333333%;--awb-margin-top-large:0px;--awb-spacing-right-large:5.76%;--awb-margin-bottom-large:20px;--awb-spacing-left-large:5.76%;--awb-width-medium:100%;--awb-spacing-right-medium:1.92%;--awb-spacing-left-medium:1.92%;--awb-width-small:100%;--awb-spacing-right-small:1.92%;--awb-spacing-left-small:1.92%;\"><div class=\"fusion-column-wrapper fusion-flex-justify-content-flex-start fusion-content-layout-column\"><div class=\"fusion-image-element\" style=\"--awb-caption-title-font-family:var(--h2_typography-font-family);--awb-caption-title-font-weight:var(--h2_typography-font-weight);--awb-caption-title-font-style:var(--h2_typography-font-style);--awb-caption-title-size:var(--h2_typography-font-size);--awb-caption-title-transform:var(--h2_typography-text-transform);--awb-caption-title-line-height:var(--h2_typography-line-height);--awb-caption-title-letter-spacing:var(--h2_typography-letter-spacing);\"><span class=\"fusion-imageframe imageframe-none imageframe-2 hover-type-none\"><a class=\"fusion-no-lightbox\" href=\"https:\/\/www.annaflores.es\/curso-practitioner-de-pnl\/\" target=\"_blank\" aria-label=\"Coaching i PNL\" rel=\"noopener noreferrer\"><img decoding=\"async\" width=\"1250\" height=\"792\" src=\"https:\/\/www.annaflores.es\/wp-content\/uploads\/practitioner-pnl.png\" data-orig-src=\"https:\/\/www.annaflores.es\/wp-content\/uploads\/practitioner-pnl.png\" alt class=\"lazyload img-responsive wp-image-17212\" srcset=\"data:image\/svg+xml,%3Csvg%20xmlns%3D%27http%3A%2F%2Fwww.w3.org%2F2000%2Fsvg%27%20width%3D%271250%27%20height%3D%27792%27%20viewBox%3D%270%200%201250%20792%27%3E%3Crect%20width%3D%271250%27%20height%3D%27792%27%20fill-opacity%3D%220%22%2F%3E%3C%2Fsvg%3E\" data-srcset=\"https:\/\/annaflores.es\/wp-content\/uploads\/practitioner-pnl-200x127.png 200w, https:\/\/annaflores.es\/wp-content\/uploads\/practitioner-pnl-400x253.png 400w, https:\/\/annaflores.es\/wp-content\/uploads\/practitioner-pnl-600x380.png 600w, https:\/\/annaflores.es\/wp-content\/uploads\/practitioner-pnl-800x507.png 800w, https:\/\/annaflores.es\/wp-content\/uploads\/practitioner-pnl-1200x760.png 1200w, https:\/\/annaflores.es\/wp-content\/uploads\/practitioner-pnl.png 1250w\" data-sizes=\"auto\" data-orig-sizes=\"(max-width: 1024px) 100vw, (max-width: 640px) 100vw, 600px\" \/><\/a><\/span><\/div><div class=\"fusion-text fusion-text-2\"><p style=\"text-align: justify;\">El Licensed Practitioner of NLP\u00ae est\u00e0 certificat internacionalment per The Society of NLP i el Dr. Richard Bandler\u00ae, co creador de la PNL. Primer nivell de PNL per a poder<strong> aplicar la PNL. <\/strong>No cal cursar pr\u00e8viament el d'Iniciaci\u00f3. <span style=\"color: #0000ff;\"><a style=\"color: #0000ff;\" title=\"Curs Practitioner de PNL\" href=\"https:\/\/www.annaflores.es\/curso-practitioner-de-pnl\/\" target=\"_blank\" rel=\"noopener noreferrer\"><strong>VEURE CURS<\/strong><\/a><\/span><\/p>\n<\/div><\/div><\/div><div class=\"fusion-layout-column fusion_builder_column fusion-builder-column-3 fusion_builder_column_1_3 1_3 fusion-flex-column\" style=\"--awb-bg-blend:overlay;--awb-bg-size:cover;--awb-width-large:33.333333333333%;--awb-margin-top-large:0px;--awb-spacing-right-large:5.76%;--awb-margin-bottom-large:20px;--awb-spacing-left-large:5.76%;--awb-width-medium:100%;--awb-spacing-right-medium:1.92%;--awb-spacing-left-medium:1.92%;--awb-width-small:100%;--awb-spacing-right-small:1.92%;--awb-spacing-left-small:1.92%;\"><div class=\"fusion-column-wrapper fusion-flex-justify-content-flex-start fusion-content-layout-column\"><div class=\"fusion-image-element\" style=\"--awb-caption-title-font-family:var(--h2_typography-font-family);--awb-caption-title-font-weight:var(--h2_typography-font-weight);--awb-caption-title-font-style:var(--h2_typography-font-style);--awb-caption-title-size:var(--h2_typography-font-size);--awb-caption-title-transform:var(--h2_typography-text-transform);--awb-caption-title-line-height:var(--h2_typography-line-height);--awb-caption-title-letter-spacing:var(--h2_typography-letter-spacing);\"><span class=\"fusion-imageframe imageframe-none imageframe-3 hover-type-none\"><a class=\"fusion-no-lightbox\" href=\"https:\/\/www.annaflores.es\/practitioner-hipnosis-ericksoniana\/\" target=\"_blank\" aria-label=\"practitioner-hipnosi-ericksoniana-aplicada\" rel=\"noopener noreferrer\"><img decoding=\"async\" width=\"1251\" height=\"792\" src=\"https:\/\/www.annaflores.es\/wp-content\/uploads\/practitioner-hipnosis-ericksoniana-aplicada.png\" data-orig-src=\"https:\/\/www.annaflores.es\/wp-content\/uploads\/practitioner-hipnosis-ericksoniana-aplicada.png\" alt class=\"lazyload img-responsive wp-image-17219\" srcset=\"data:image\/svg+xml,%3Csvg%20xmlns%3D%27http%3A%2F%2Fwww.w3.org%2F2000%2Fsvg%27%20width%3D%271251%27%20height%3D%27792%27%20viewBox%3D%270%200%201251%20792%27%3E%3Crect%20width%3D%271251%27%20height%3D%27792%27%20fill-opacity%3D%220%22%2F%3E%3C%2Fsvg%3E\" data-srcset=\"https:\/\/annaflores.es\/wp-content\/uploads\/practitioner-hipnosis-ericksoniana-aplicada-200x127.png 200w, https:\/\/annaflores.es\/wp-content\/uploads\/practitioner-hipnosis-ericksoniana-aplicada-400x253.png 400w, https:\/\/annaflores.es\/wp-content\/uploads\/practitioner-hipnosis-ericksoniana-aplicada-600x380.png 600w, https:\/\/annaflores.es\/wp-content\/uploads\/practitioner-hipnosis-ericksoniana-aplicada-800x506.png 800w, https:\/\/annaflores.es\/wp-content\/uploads\/practitioner-hipnosis-ericksoniana-aplicada-1200x760.png 1200w, https:\/\/annaflores.es\/wp-content\/uploads\/practitioner-hipnosis-ericksoniana-aplicada.png 1251w\" data-sizes=\"auto\" data-orig-sizes=\"(max-width: 1024px) 100vw, (max-width: 640px) 100vw, 600px\" \/><\/a><\/span><\/div><div class=\"fusion-text fusion-text-3\"><p>Programa d' <strong>Hipnosi Ericksoniana certificat<\/strong> per l'Associaci\u00f3 Hispanoamericana de PNL &amp; Hipnosi per poder aplicar la hipnosi en diversos contextos: Ter\u00e0pia, Coaching, Vendes, Negociaci\u00f3, Desenvolupament personal... <a href=\"https:\/\/www.annaflores.es\/practitioner-hipnosis-ericksoniana\/\" target=\"_blank\" rel=\"noopener noreferrer\"><span style=\"color: #0000ff;\"><strong>VEURE CURS<\/strong><\/span><\/a><\/p>\n<\/div><\/div><\/div><div class=\"fusion-layout-column fusion_builder_column fusion-builder-column-4 fusion_builder_column_1_3 1_3 fusion-flex-column\" style=\"--awb-bg-blend:overlay;--awb-bg-size:cover;--awb-width-large:33.333333333333%;--awb-margin-top-large:0px;--awb-spacing-right-large:5.76%;--awb-margin-bottom-large:20px;--awb-spacing-left-large:5.76%;--awb-width-medium:100%;--awb-spacing-right-medium:1.92%;--awb-spacing-left-medium:1.92%;--awb-width-small:100%;--awb-spacing-right-small:1.92%;--awb-spacing-left-small:1.92%;\"><div class=\"fusion-column-wrapper fusion-flex-justify-content-flex-start fusion-content-layout-column\"><div class=\"fusion-image-element\" style=\"--awb-caption-title-font-family:var(--h2_typography-font-family);--awb-caption-title-font-weight:var(--h2_typography-font-weight);--awb-caption-title-font-style:var(--h2_typography-font-style);--awb-caption-title-size:var(--h2_typography-font-size);--awb-caption-title-transform:var(--h2_typography-text-transform);--awb-caption-title-line-height:var(--h2_typography-line-height);--awb-caption-title-letter-spacing:var(--h2_typography-letter-spacing);\"><span class=\"fusion-imageframe imageframe-none imageframe-4 hover-type-none\"><a class=\"fusion-no-lightbox\" href=\"https:\/\/www.annaflores.es\/formacion-de-terapeuta-certificado-en-tri\/\" target=\"_blank\" aria-label=\"Formaci\u00f3 en ter\u00e0pia\" rel=\"noopener noreferrer\"><img decoding=\"async\" width=\"1251\" height=\"793\" src=\"https:\/\/www.annaflores.es\/wp-content\/uploads\/pastilles_web-23.jpg\" data-orig-src=\"https:\/\/www.annaflores.es\/wp-content\/uploads\/pastilles_web-23.jpg\" alt class=\"lazyload img-responsive wp-image-19356\" srcset=\"data:image\/svg+xml,%3Csvg%20xmlns%3D%27http%3A%2F%2Fwww.w3.org%2F2000%2Fsvg%27%20width%3D%271251%27%20height%3D%27793%27%20viewBox%3D%270%200%201251%20793%27%3E%3Crect%20width%3D%271251%27%20height%3D%27793%27%20fill-opacity%3D%220%22%2F%3E%3C%2Fsvg%3E\" data-srcset=\"https:\/\/annaflores.es\/wp-content\/uploads\/pastilles_web-23-200x127.jpg 200w, https:\/\/annaflores.es\/wp-content\/uploads\/pastilles_web-23-400x254.jpg 400w, https:\/\/annaflores.es\/wp-content\/uploads\/pastilles_web-23-600x380.jpg 600w, https:\/\/annaflores.es\/wp-content\/uploads\/pastilles_web-23-800x507.jpg 800w, https:\/\/annaflores.es\/wp-content\/uploads\/pastilles_web-23-1200x761.jpg 1200w, https:\/\/annaflores.es\/wp-content\/uploads\/pastilles_web-23.jpg 1251w\" data-sizes=\"auto\" data-orig-sizes=\"(max-width: 1024px) 100vw, (max-width: 640px) 100vw, 600px\" \/><\/a><\/span><\/div><div class=\"fusion-text fusion-text-4\"><p>Aquest curs de Terapeuta Certificat en TRI\u00ae \u00e9s una formaci\u00f3 acreditada que prepara per exercir professionalment com a terapeuta de <a href=\"https:\/\/www.annaflores.es\/terapia-reprogramacion-integral\/\" target=\"_blank\" rel=\"noopener\">Ter\u00e0pia de Reprogramaci\u00f3 Integral<\/a>\u00a0 \u00a0 <span style=\"color: #0000ff;\"><a style=\"color: #0000ff;\" href=\"https:\/\/www.annaflores.es\/formacion-de-terapeuta-certificado-en-tri\/\" target=\"_blank\" rel=\"noopener noreferrer\"><strong>VEURE CURS<\/strong><\/a><\/span><\/p>\n<\/div><\/div><\/div><div class=\"fusion-layout-column fusion_builder_column fusion-builder-column-5 fusion_builder_column_1_3 1_3 fusion-flex-column\" style=\"--awb-bg-blend:overlay;--awb-bg-size:cover;--awb-width-large:33.333333333333%;--awb-margin-top-large:0px;--awb-spacing-right-large:5.76%;--awb-margin-bottom-large:20px;--awb-spacing-left-large:5.76%;--awb-width-medium:100%;--awb-spacing-right-medium:1.92%;--awb-spacing-left-medium:1.92%;--awb-width-small:100%;--awb-spacing-right-small:1.92%;--awb-spacing-left-small:1.92%;\"><div class=\"fusion-column-wrapper fusion-flex-justify-content-flex-start fusion-content-layout-column\"><div class=\"fusion-image-element\" style=\"--awb-caption-title-font-family:var(--h2_typography-font-family);--awb-caption-title-font-weight:var(--h2_typography-font-weight);--awb-caption-title-font-style:var(--h2_typography-font-style);--awb-caption-title-size:var(--h2_typography-font-size);--awb-caption-title-transform:var(--h2_typography-text-transform);--awb-caption-title-line-height:var(--h2_typography-line-height);--awb-caption-title-letter-spacing:var(--h2_typography-letter-spacing);\"><span class=\"fusion-imageframe imageframe-none imageframe-5 hover-type-none\"><a class=\"fusion-no-lightbox\" href=\"https:\/\/www.annaflores.es\/entrenador-internacional-de-t-r-i\/\" target=\"_blank\" aria-label=\"Entrenador TRI\" rel=\"noopener noreferrer\"><img decoding=\"async\" width=\"1251\" height=\"790\" src=\"https:\/\/www.annaflores.es\/wp-content\/uploads\/Entrenador-TRI.jpg\" data-orig-src=\"https:\/\/www.annaflores.es\/wp-content\/uploads\/Entrenador-TRI.jpg\" alt class=\"lazyload img-responsive wp-image-21033\" srcset=\"data:image\/svg+xml,%3Csvg%20xmlns%3D%27http%3A%2F%2Fwww.w3.org%2F2000%2Fsvg%27%20width%3D%271251%27%20height%3D%27790%27%20viewBox%3D%270%200%201251%20790%27%3E%3Crect%20width%3D%271251%27%20height%3D%27790%27%20fill-opacity%3D%220%22%2F%3E%3C%2Fsvg%3E\" data-srcset=\"https:\/\/annaflores.es\/wp-content\/uploads\/Entrenador-TRI-200x126.jpg 200w, https:\/\/annaflores.es\/wp-content\/uploads\/Entrenador-TRI-400x253.jpg 400w, https:\/\/annaflores.es\/wp-content\/uploads\/Entrenador-TRI-600x379.jpg 600w, https:\/\/annaflores.es\/wp-content\/uploads\/Entrenador-TRI-800x505.jpg 800w, https:\/\/annaflores.es\/wp-content\/uploads\/Entrenador-TRI-1200x758.jpg 1200w, https:\/\/annaflores.es\/wp-content\/uploads\/Entrenador-TRI.jpg 1251w\" data-sizes=\"auto\" data-orig-sizes=\"(max-width: 1024px) 100vw, (max-width: 640px) 100vw, 600px\" \/><\/a><\/span><\/div><div class=\"fusion-text fusion-text-5\"><p>\u00c9s una formaci\u00f3 on desenvolupar les habilitats necess\u00e0ries per impartir cursos de Terapeuta Certificat a TRI\u00ae, al final de la qual es rep l&#039;acreditaci\u00f3 Entrenador de TRI\u00ae per l&#039;AITRI.<a href=\"https:\/\/www.annaflores.es\/entrenador-internacional-de-t-r-i\/\" target=\"_blank\" rel=\"noopener\"><strong><span style=\"color: #0000ff;\"> VEURE CURS<\/span><\/strong><\/a><\/p>\n<\/div><\/div><\/div><div class=\"fusion-layout-column fusion_builder_column fusion-builder-column-6 fusion_builder_column_1_3 1_3 fusion-flex-column\" style=\"--awb-bg-size:cover;--awb-width-large:33.333333333333%;--awb-margin-top-large:0px;--awb-spacing-right-large:5.76%;--awb-margin-bottom-large:20px;--awb-spacing-left-large:5.76%;--awb-width-medium:100%;--awb-order-medium:0;--awb-spacing-right-medium:1.92%;--awb-spacing-left-medium:1.92%;--awb-width-small:100%;--awb-order-small:0;--awb-spacing-right-small:1.92%;--awb-spacing-left-small:1.92%;\"><div class=\"fusion-column-wrapper fusion-column-has-shadow fusion-flex-justify-content-flex-start fusion-content-layout-column\"><div class=\"fusion-image-element\" style=\"--awb-caption-title-font-family:var(--h2_typography-font-family);--awb-caption-title-font-weight:var(--h2_typography-font-weight);--awb-caption-title-font-style:var(--h2_typography-font-style);--awb-caption-title-size:var(--h2_typography-font-size);--awb-caption-title-transform:var(--h2_typography-text-transform);--awb-caption-title-line-height:var(--h2_typography-line-height);--awb-caption-title-letter-spacing:var(--h2_typography-letter-spacing);\"><span class=\"fusion-imageframe imageframe-none imageframe-6 hover-type-none\"><a class=\"fusion-no-lightbox\" href=\"https:\/\/www.annaflores.es\/curso-de-flores-de-bach\/\" target=\"_blank\" aria-label=\"Flors de Bach\" rel=\"noopener noreferrer\"><img decoding=\"async\" width=\"1251\" height=\"793\" src=\"https:\/\/www.annaflores.es\/wp-content\/uploads\/Flores-de-Bach.jpg\" data-orig-src=\"https:\/\/www.annaflores.es\/wp-content\/uploads\/Flores-de-Bach.jpg\" alt class=\"lazyload img-responsive wp-image-20431\" srcset=\"data:image\/svg+xml,%3Csvg%20xmlns%3D%27http%3A%2F%2Fwww.w3.org%2F2000%2Fsvg%27%20width%3D%271251%27%20height%3D%27793%27%20viewBox%3D%270%200%201251%20793%27%3E%3Crect%20width%3D%271251%27%20height%3D%27793%27%20fill-opacity%3D%220%22%2F%3E%3C%2Fsvg%3E\" data-srcset=\"https:\/\/annaflores.es\/wp-content\/uploads\/Flores-de-Bach-200x127.jpg 200w, https:\/\/annaflores.es\/wp-content\/uploads\/Flores-de-Bach-400x254.jpg 400w, https:\/\/annaflores.es\/wp-content\/uploads\/Flores-de-Bach-600x380.jpg 600w, https:\/\/annaflores.es\/wp-content\/uploads\/Flores-de-Bach-800x507.jpg 800w, https:\/\/annaflores.es\/wp-content\/uploads\/Flores-de-Bach-1200x761.jpg 1200w, https:\/\/annaflores.es\/wp-content\/uploads\/Flores-de-Bach.jpg 1251w\" data-sizes=\"auto\" data-orig-sizes=\"(max-width: 1024px) 100vw, (max-width: 640px) 100vw, 600px\" \/><\/a><\/span><\/div><div class=\"fusion-text fusion-text-6\"><p>Aquest de Curs de Flors de Bach ensenya els fonaments de la ter\u00e0pia floral aplicada a disciplines d&#039;acompanyament per complementar altres t\u00e8cniques com el Coaching, la PNL, la Hipnosi o altres ter\u00e0pies. \u00a0 <span style=\"color: #0000ff;\"><strong><a style=\"color: #0000ff;\" href=\"https:\/\/www.annaflores.es\/curso-de-flores-de-bach\/\" target=\"_blank\" rel=\"noopener\">VEURE CURS<\/a><\/strong><\/span><\/p>\n<\/div><\/div><\/div><div class=\"fusion-layout-column fusion_builder_column fusion-builder-column-7 fusion_builder_column_1_3 1_3 fusion-flex-column\" style=\"--awb-bg-blend:overlay;--awb-bg-size:cover;--awb-width-large:33.333333333333%;--awb-margin-top-large:0px;--awb-spacing-right-large:5.76%;--awb-margin-bottom-large:20px;--awb-spacing-left-large:5.76%;--awb-width-medium:100%;--awb-spacing-right-medium:1.92%;--awb-spacing-left-medium:1.92%;--awb-width-small:100%;--awb-spacing-right-small:1.92%;--awb-spacing-left-small:1.92%;\"><div class=\"fusion-column-wrapper fusion-flex-justify-content-flex-start fusion-content-layout-column\"><div class=\"fusion-image-element\" style=\"--awb-caption-title-font-family:var(--h2_typography-font-family);--awb-caption-title-font-weight:var(--h2_typography-font-weight);--awb-caption-title-font-style:var(--h2_typography-font-style);--awb-caption-title-size:var(--h2_typography-font-size);--awb-caption-title-transform:var(--h2_typography-text-transform);--awb-caption-title-line-height:var(--h2_typography-line-height);--awb-caption-title-letter-spacing:var(--h2_typography-letter-spacing);\"><span class=\"fusion-imageframe imageframe-none imageframe-7 hover-type-none\"><a class=\"fusion-no-lightbox\" href=\"https:\/\/www.annaflores.es\/curso-iniciacion-pnl\/\" target=\"_blank\" aria-label=\"iniciacio-pnl\" rel=\"noopener noreferrer\"><img decoding=\"async\" width=\"1251\" height=\"792\" src=\"https:\/\/www.annaflores.es\/wp-content\/uploads\/iniciacion-pnl.png\" data-orig-src=\"https:\/\/www.annaflores.es\/wp-content\/uploads\/iniciacion-pnl.png\" alt class=\"lazyload img-responsive wp-image-17223\" srcset=\"data:image\/svg+xml,%3Csvg%20xmlns%3D%27http%3A%2F%2Fwww.w3.org%2F2000%2Fsvg%27%20width%3D%271251%27%20height%3D%27792%27%20viewBox%3D%270%200%201251%20792%27%3E%3Crect%20width%3D%271251%27%20height%3D%27792%27%20fill-opacity%3D%220%22%2F%3E%3C%2Fsvg%3E\" data-srcset=\"https:\/\/annaflores.es\/wp-content\/uploads\/iniciacion-pnl-200x127.png 200w, https:\/\/annaflores.es\/wp-content\/uploads\/iniciacion-pnl-400x253.png 400w, https:\/\/annaflores.es\/wp-content\/uploads\/iniciacion-pnl-600x380.png 600w, https:\/\/annaflores.es\/wp-content\/uploads\/iniciacion-pnl-800x506.png 800w, https:\/\/annaflores.es\/wp-content\/uploads\/iniciacion-pnl-1200x760.png 1200w, https:\/\/annaflores.es\/wp-content\/uploads\/iniciacion-pnl.png 1251w\" data-sizes=\"auto\" data-orig-sizes=\"(max-width: 1024px) 100vw, (max-width: 640px) 100vw, 600px\" \/><\/a><\/span><\/div><div class=\"fusion-text fusion-text-7\"><p>\u00danic curs de PNL <strong>introductori<\/strong> que gaudeix de l'aval del Dr. Richard Bandler\u00ae, co creador i \"pare\" de la PNL i el certificat de The Society of NLP. Una formaci\u00f3 per con\u00e8ixer les bases de la PNL i saber aplicar-les.\u00a0\u00a0<span style=\"color: #0000ff;\"><strong><a style=\"color: #0000ff;\" href=\"https:\/\/www.annaflores.es\/curso-iniciacion-pnl\/\" target=\"_blank\" rel=\"noopener\">VEURE CURS<\/a><\/strong><\/span><\/p>\n<\/div><\/div><\/div><div class=\"fusion-layout-column fusion_builder_column fusion-builder-column-8 fusion_builder_column_1_3 1_3 fusion-flex-column\" style=\"--awb-bg-blend:overlay;--awb-bg-size:cover;--awb-width-large:33.333333333333%;--awb-margin-top-large:0px;--awb-spacing-right-large:5.76%;--awb-margin-bottom-large:20px;--awb-spacing-left-large:5.76%;--awb-width-medium:100%;--awb-spacing-right-medium:1.92%;--awb-spacing-left-medium:1.92%;--awb-width-small:100%;--awb-spacing-right-small:1.92%;--awb-spacing-left-small:1.92%;\"><div class=\"fusion-column-wrapper fusion-flex-justify-content-flex-start fusion-content-layout-column\"><div class=\"fusion-image-element\" style=\"--awb-caption-title-font-family:var(--h2_typography-font-family);--awb-caption-title-font-weight:var(--h2_typography-font-weight);--awb-caption-title-font-style:var(--h2_typography-font-style);--awb-caption-title-size:var(--h2_typography-font-size);--awb-caption-title-transform:var(--h2_typography-text-transform);--awb-caption-title-line-height:var(--h2_typography-line-height);--awb-caption-title-letter-spacing:var(--h2_typography-letter-spacing);\"><span class=\"fusion-imageframe imageframe-none imageframe-8 hover-type-none\"><a class=\"fusion-no-lightbox\" href=\"https:\/\/www.annaflores.es\/coaching-de-equipos\/\" target=\"_blank\" aria-label=\"coaching-equips\" rel=\"noopener noreferrer\"><img decoding=\"async\" width=\"1251\" height=\"792\" src=\"https:\/\/www.annaflores.es\/wp-content\/uploads\/coaching-equipos.png\" data-orig-src=\"https:\/\/www.annaflores.es\/wp-content\/uploads\/coaching-equipos.png\" alt class=\"lazyload img-responsive wp-image-17227\" srcset=\"data:image\/svg+xml,%3Csvg%20xmlns%3D%27http%3A%2F%2Fwww.w3.org%2F2000%2Fsvg%27%20width%3D%271251%27%20height%3D%27792%27%20viewBox%3D%270%200%201251%20792%27%3E%3Crect%20width%3D%271251%27%20height%3D%27792%27%20fill-opacity%3D%220%22%2F%3E%3C%2Fsvg%3E\" data-srcset=\"https:\/\/annaflores.es\/wp-content\/uploads\/coaching-equipos-200x127.png 200w, https:\/\/annaflores.es\/wp-content\/uploads\/coaching-equipos-400x253.png 400w, https:\/\/annaflores.es\/wp-content\/uploads\/coaching-equipos-600x380.png 600w, https:\/\/annaflores.es\/wp-content\/uploads\/coaching-equipos-800x506.png 800w, https:\/\/annaflores.es\/wp-content\/uploads\/coaching-equipos-1200x760.png 1200w, https:\/\/annaflores.es\/wp-content\/uploads\/coaching-equipos.png 1251w\" data-sizes=\"auto\" data-orig-sizes=\"(max-width: 1024px) 100vw, (max-width: 640px) 100vw, 600px\" \/><\/a><\/span><\/div><div class=\"fusion-text fusion-text-8\"><p>Programa d' <strong>entrenament en t\u00e8cniques espec\u00edfiques<\/strong> per a situacions reals amb equips. Completament pr\u00e0ctic per aplicar al Coaching d'equips. La formaci\u00f3 rep un diploma del nostre Institut\u00a0 <span style=\"color: #0000ff;\"><a style=\"color: #0000ff;\" href=\"https:\/\/www.annaflores.es\/coaching-de-equipos\/\" target=\"_blank\" rel=\"noopener noreferrer\"><strong>VEURE CURS<\/strong><\/a><\/span><\/p>\n<\/div><\/div><\/div><div class=\"fusion-layout-column fusion_builder_column fusion-builder-column-9 fusion_builder_column_1_3 1_3 fusion-flex-column\" style=\"--awb-bg-blend:overlay;--awb-bg-size:cover;--awb-width-large:33.333333333333%;--awb-margin-top-large:0px;--awb-spacing-right-large:5.76%;--awb-margin-bottom-large:20px;--awb-spacing-left-large:5.76%;--awb-width-medium:100%;--awb-spacing-right-medium:1.92%;--awb-spacing-left-medium:1.92%;--awb-width-small:100%;--awb-spacing-right-small:1.92%;--awb-spacing-left-small:1.92%;\"><div class=\"fusion-column-wrapper fusion-flex-justify-content-flex-start fusion-content-layout-column\"><div class=\"fusion-image-element\" style=\"--awb-caption-title-font-family:var(--h2_typography-font-family);--awb-caption-title-font-weight:var(--h2_typography-font-weight);--awb-caption-title-font-style:var(--h2_typography-font-style);--awb-caption-title-size:var(--h2_typography-font-size);--awb-caption-title-transform:var(--h2_typography-text-transform);--awb-caption-title-line-height:var(--h2_typography-line-height);--awb-caption-title-letter-spacing:var(--h2_typography-letter-spacing);\"><span class=\"fusion-imageframe imageframe-none imageframe-9 hover-type-none\"><a class=\"fusion-no-lightbox\" href=\"https:\/\/www.annaflores.es\/hablar-en-publico\/\" target=\"_blank\" aria-label=\"parlar-en-public\" rel=\"noopener noreferrer\"><img decoding=\"async\" width=\"1251\" height=\"792\" src=\"https:\/\/www.annaflores.es\/wp-content\/uploads\/hablar-en-publico-2.png\" data-orig-src=\"https:\/\/www.annaflores.es\/wp-content\/uploads\/hablar-en-publico-2.png\" alt class=\"lazyload img-responsive wp-image-17225\" srcset=\"data:image\/svg+xml,%3Csvg%20xmlns%3D%27http%3A%2F%2Fwww.w3.org%2F2000%2Fsvg%27%20width%3D%271251%27%20height%3D%27792%27%20viewBox%3D%270%200%201251%20792%27%3E%3Crect%20width%3D%271251%27%20height%3D%27792%27%20fill-opacity%3D%220%22%2F%3E%3C%2Fsvg%3E\" data-srcset=\"https:\/\/annaflores.es\/wp-content\/uploads\/hablar-en-publico-2-200x127.png 200w, https:\/\/annaflores.es\/wp-content\/uploads\/hablar-en-publico-2-400x253.png 400w, https:\/\/annaflores.es\/wp-content\/uploads\/hablar-en-publico-2-600x380.png 600w, https:\/\/annaflores.es\/wp-content\/uploads\/hablar-en-publico-2-800x506.png 800w, https:\/\/annaflores.es\/wp-content\/uploads\/hablar-en-publico-2-1200x760.png 1200w, https:\/\/annaflores.es\/wp-content\/uploads\/hablar-en-publico-2.png 1251w\" data-sizes=\"auto\" data-orig-sizes=\"(max-width: 1024px) 100vw, (max-width: 640px) 100vw, 600px\" \/><\/a><\/span><\/div><div class=\"fusion-text fusion-text-9\"><p>\u00c9s una formaci\u00f3 personalitzada. En <strong>sessions individuals d'entrenament<\/strong> per a desenvolupar les habilitats comunicatives i superar els bloquejos emocionals, i fins i tot la f\u00f2bia associada a el p\u00e0nic esc\u00e8nic.<a href=\"https:\/\/www.annaflores.es\/hablar-en-publico\/\" target=\"_blank\" rel=\"noopener noreferrer\"><strong><span style=\"color: #0000ff;\"> VEURE CURS<\/span><\/strong><\/a><\/p>\n<\/div><\/div><\/div><\/div><\/div><div class=\"fusion-fullwidth fullwidth-box fusion-builder-row-2 fusion-flex-container hundred-percent-fullwidth non-hundred-percent-height-scrolling\" style=\"--awb-border-radius-top-left:0px;--awb-border-radius-top-right:0px;--awb-border-radius-bottom-right:0px;--awb-border-radius-bottom-left:0px;--awb-overflow:visible;--awb-flex-wrap:wrap;\" ><div class=\"fusion-builder-row fusion-row fusion-flex-align-items-flex-start fusion-flex-content-wrap\" style=\"width:104% !important;max-width:104% !important;margin-left: calc(-4% \/ 2 );margin-right: calc(-4% \/ 2 );\"><div class=\"fusion-layout-column fusion_builder_column fusion-builder-column-10 fusion_builder_column_1_1 1_1 fusion-flex-column\" style=\"--awb-bg-size:cover;--awb-width-large:100%;--awb-margin-top-large:0px;--awb-spacing-right-large:1.92%;--awb-margin-bottom-large:20px;--awb-spacing-left-large:1.92%;--awb-width-medium:100%;--awb-order-medium:0;--awb-spacing-right-medium:1.92%;--awb-spacing-left-medium:1.92%;--awb-width-small:100%;--awb-order-small:0;--awb-spacing-right-small:1.92%;--awb-spacing-left-small:1.92%;\"><div class=\"fusion-column-wrapper fusion-column-has-shadow fusion-flex-justify-content-flex-start fusion-content-layout-column\"><div class=\"fusion-title title fusion-title-3 fusion-title-text fusion-title-size-two\" style=\"--awb-margin-top-small:0px;--awb-margin-right-small:0px;--awb-margin-bottom-small:10px;--awb-margin-left-small:0px;\"><div class=\"title-sep-container title-sep-container-left fusion-no-large-visibility fusion-no-medium-visibility fusion-no-small-visibility\"><div class=\"title-sep sep-double sep-solid\" style=\"border-color:#e0dede;\"><\/div><\/div><span class=\"awb-title-spacer fusion-no-large-visibility fusion-no-medium-visibility fusion-no-small-visibility\"><\/span><h2 class=\"fusion-title-heading title-heading-left fusion-responsive-typography-calculated\" style=\"margin:0;--fontSize:24;line-height:1.5;\">Cursos Online<\/h2><span class=\"awb-title-spacer\"><\/span><div class=\"title-sep-container title-sep-container-right\"><div class=\"title-sep sep-double sep-solid\" style=\"border-color:#e0dede;\"><\/div><\/div><\/div><\/div><\/div><div class=\"fusion-layout-column fusion_builder_column fusion-builder-column-11 fusion_builder_column_1_3 1_3 fusion-flex-column\" style=\"--awb-bg-blend:overlay;--awb-bg-size:cover;--awb-width-large:33.333333333333%;--awb-margin-top-large:0px;--awb-spacing-right-large:5.76%;--awb-margin-bottom-large:20px;--awb-spacing-left-large:5.76%;--awb-width-medium:100%;--awb-spacing-right-medium:1.92%;--awb-spacing-left-medium:1.92%;--awb-width-small:100%;--awb-spacing-right-small:1.92%;--awb-spacing-left-small:1.92%;\"><div class=\"fusion-column-wrapper fusion-flex-justify-content-flex-start fusion-content-layout-column\"><div class=\"fusion-image-element\" style=\"--awb-caption-title-font-family:var(--h2_typography-font-family);--awb-caption-title-font-weight:var(--h2_typography-font-weight);--awb-caption-title-font-style:var(--h2_typography-font-style);--awb-caption-title-size:var(--h2_typography-font-size);--awb-caption-title-transform:var(--h2_typography-text-transform);--awb-caption-title-line-height:var(--h2_typography-line-height);--awb-caption-title-letter-spacing:var(--h2_typography-letter-spacing);\"><span class=\"fusion-imageframe imageframe-none imageframe-10 hover-type-none\"><a class=\"fusion-no-lightbox\" href=\"https:\/\/www.annaflores.es\/curso-on-line-de-coaching-profesional\/\" target=\"_self\" aria-label=\"COACHING-PROFESSIONAL-ON-LINE\"><img decoding=\"async\" width=\"1251\" height=\"793\" src=\"https:\/\/www.annaflores.es\/wp-content\/uploads\/COACHING-PROFESIONAL-ON-LINE.jpg\" data-orig-src=\"https:\/\/www.annaflores.es\/wp-content\/uploads\/COACHING-PROFESIONAL-ON-LINE.jpg\" alt class=\"lazyload img-responsive wp-image-18246\" srcset=\"data:image\/svg+xml,%3Csvg%20xmlns%3D%27http%3A%2F%2Fwww.w3.org%2F2000%2Fsvg%27%20width%3D%271251%27%20height%3D%27793%27%20viewBox%3D%270%200%201251%20793%27%3E%3Crect%20width%3D%271251%27%20height%3D%27793%27%20fill-opacity%3D%220%22%2F%3E%3C%2Fsvg%3E\" data-srcset=\"https:\/\/annaflores.es\/wp-content\/uploads\/COACHING-PROFESIONAL-ON-LINE-200x127.jpg 200w, https:\/\/annaflores.es\/wp-content\/uploads\/COACHING-PROFESIONAL-ON-LINE-400x254.jpg 400w, https:\/\/annaflores.es\/wp-content\/uploads\/COACHING-PROFESIONAL-ON-LINE-600x380.jpg 600w, https:\/\/annaflores.es\/wp-content\/uploads\/COACHING-PROFESIONAL-ON-LINE-800x507.jpg 800w, https:\/\/annaflores.es\/wp-content\/uploads\/COACHING-PROFESIONAL-ON-LINE-1200x761.jpg 1200w, https:\/\/annaflores.es\/wp-content\/uploads\/COACHING-PROFESIONAL-ON-LINE.jpg 1251w\" data-sizes=\"auto\" data-orig-sizes=\"(max-width: 1024px) 100vw, (max-width: 640px) 100vw, 600px\" \/><\/a><\/span><\/div><div class=\"fusion-text fusion-text-10\" style=\"--awb-text-transform:none;\"><p style=\"text-align: justify;\">Aquest curs Online de Coaching Professional va dirigit a totes les persones interessades en <strong>dedicar-se professionalment<\/strong>\u00a0al\u00a0<a href=\"https:\/\/www.annaflores.es\/coaching\/\" target=\"_blank\" rel=\"noopener noreferrer\">Coaching<\/a> individual (Personal o executiu) i a totes les que vulguin utilitzar les poderoses eines del Coaching per al seu propi desenvolupament personal o professional. <span style=\"color: #0000ff;\"><strong><a style=\"color: #0000ff;\" href=\"https:\/\/www.annaflores.es\/curso-on-line-de-coaching-profesional\/\" target=\"_blank\" rel=\"noopener noreferrer\">VEURE CURS<\/a><\/strong><\/span><\/p>\n<\/div><\/div><\/div><div class=\"fusion-layout-column fusion_builder_column fusion-builder-column-12 fusion_builder_column_1_3 1_3 fusion-flex-column\" style=\"--awb-bg-blend:overlay;--awb-bg-size:cover;--awb-width-large:33.333333333333%;--awb-margin-top-large:0px;--awb-spacing-right-large:5.76%;--awb-margin-bottom-large:20px;--awb-spacing-left-large:5.76%;--awb-width-medium:100%;--awb-spacing-right-medium:1.92%;--awb-spacing-left-medium:1.92%;--awb-width-small:100%;--awb-spacing-right-small:1.92%;--awb-spacing-left-small:1.92%;\"><div class=\"fusion-column-wrapper fusion-flex-justify-content-flex-start fusion-content-layout-column\"><div class=\"fusion-image-element\" style=\"--awb-caption-title-font-family:var(--h2_typography-font-family);--awb-caption-title-font-weight:var(--h2_typography-font-weight);--awb-caption-title-font-style:var(--h2_typography-font-style);--awb-caption-title-size:var(--h2_typography-font-size);--awb-caption-title-transform:var(--h2_typography-text-transform);--awb-caption-title-line-height:var(--h2_typography-line-height);--awb-caption-title-letter-spacing:var(--h2_typography-letter-spacing);\"><span class=\"fusion-imageframe imageframe-none imageframe-11 hover-type-none\"><a class=\"fusion-no-lightbox\" href=\"https:\/\/www.annaflores.es\/curso-de-comunicacion-persuasiva-online\/\" target=\"_self\" aria-label=\"COMUNICACI\u00d3 PERSUASSIVA\"><img decoding=\"async\" width=\"1251\" height=\"793\" src=\"https:\/\/www.annaflores.es\/wp-content\/uploads\/COMUNICACION-PERSUASIVA.png\" data-orig-src=\"https:\/\/www.annaflores.es\/wp-content\/uploads\/COMUNICACION-PERSUASIVA.png\" alt class=\"lazyload img-responsive wp-image-20741\" srcset=\"data:image\/svg+xml,%3Csvg%20xmlns%3D%27http%3A%2F%2Fwww.w3.org%2F2000%2Fsvg%27%20width%3D%271251%27%20height%3D%27793%27%20viewBox%3D%270%200%201251%20793%27%3E%3Crect%20width%3D%271251%27%20height%3D%27793%27%20fill-opacity%3D%220%22%2F%3E%3C%2Fsvg%3E\" data-srcset=\"https:\/\/annaflores.es\/wp-content\/uploads\/COMUNICACION-PERSUASIVA-200x127.png 200w, https:\/\/annaflores.es\/wp-content\/uploads\/COMUNICACION-PERSUASIVA-400x254.png 400w, https:\/\/annaflores.es\/wp-content\/uploads\/COMUNICACION-PERSUASIVA-600x380.png 600w, https:\/\/annaflores.es\/wp-content\/uploads\/COMUNICACION-PERSUASIVA-800x507.png 800w, https:\/\/annaflores.es\/wp-content\/uploads\/COMUNICACION-PERSUASIVA-1200x761.png 1200w, https:\/\/annaflores.es\/wp-content\/uploads\/COMUNICACION-PERSUASIVA.png 1251w\" data-sizes=\"auto\" data-orig-sizes=\"(max-width: 1024px) 100vw, (max-width: 640px) 100vw, 600px\" \/><\/a><\/span><\/div><div class=\"fusion-text fusion-text-11\" style=\"--awb-text-transform:none;\"><p style=\"text-align: justify;\">Aquest curs Online de Comunicaci\u00f3 Persuasiva va dirigit a les persones interessades a millorar les seves habilitats comunicatives. S&#039;aprenen eines per connectar amb l&#039;inconscient de l&#039;interlocutor en qualsevol \u00e0mbit de les relacions, amb gran \u00e8xit en vendes, negociaci\u00f3, lideratge d&#039;equips, educaci\u00f3, ter\u00e0pia i coaching. <span style=\"color: #0000ff;\"><strong><a style=\"color: #0000ff;\" href=\"https:\/\/www.annaflores.es\/curso-de-comunicacion-persuasiva-online\/\" target=\"_blank\" rel=\"noopener noreferrer\">VEURE CURS<\/a><\/strong><\/span><\/p>\n<\/div><\/div><\/div><\/div><\/div><\/p>",
        "protected": false
    },
    "excerpt": {
        "rendered": "",
        "protected": false
    },
    "author": 2,
    "featured_media": 0,
    "parent": 0,
    "menu_order": 1,
    "comment_status": "open",
    "ping_status": "closed",
    "template": "",
    "meta": {
        "_acf_changed": false,
        "footnotes": ""
    },
    "class_list": [
        "post-6457",
        "page",
        "type-page",
        "status-publish",
        "hentry"
    ],
    "acf": [],
    "yoast_head": "<!-- This site is optimized with the Yoast SEO Premium plugin v23.9 (Yoast SEO v27.4) - https:\/\/yoast.com\/product\/yoast-seo-premium-wordpress\/ -->\n<title>Cursos de coaching i PNL a Barcelona | Institut Anna Flors<\/title>\n<meta name=\"description\" content=\"Cursos de Coaching i PNL certificats internacionalment impartits per la trainer Anna Flores, entrenadora oficial de Richard Bandler a Barcelona.\" \/>\n<meta name=\"robots\" content=\"index, follow, max-snippet:-1, max-image-preview:large, max-video-preview:-1\" \/>\n<link rel=\"canonical\" href=\"https:\/\/www.annaflores.es\/todos-los-cursos\/\" \/>\n<meta property=\"og:locale\" content=\"ca_ES\" \/>\n<meta property=\"og:type\" content=\"article\" \/>\n<meta property=\"og:title\" content=\"Tots els cursos\" \/>\n<meta property=\"og:description\" content=\"Cursos de Coaching i PNL certificats internacionalment impartits per la trainer Anna Flores, entrenadora oficial de Richard Bandler a Barcelona.\" \/>\n<meta property=\"og:url\" content=\"https:\/\/www.annaflores.es\/todos-los-cursos\/\" \/>\n<meta property=\"og:site_name\" content=\"Anna Flores\" \/>\n<meta property=\"article:publisher\" content=\"https:\/\/www.facebook.com\/InstitutCoachingPNLAnnaFlores\/\" \/>\n<meta property=\"article:modified_time\" content=\"2026-04-11T12:42:34+00:00\" \/>\n<meta property=\"og:image\" content=\"https:\/\/www.annaflores.es\/wp-content\/uploads\/AF3.jpg\" \/>\n\t<meta property=\"og:image:width\" content=\"1748\" \/>\n\t<meta property=\"og:image:height\" content=\"1867\" \/>\n\t<meta property=\"og:image:type\" content=\"image\/jpeg\" \/>\n<meta name=\"twitter:card\" content=\"summary_large_image\" \/>\n<meta name=\"twitter:label1\" content=\"Temps estimat de lectura\" \/>\n\t<meta name=\"twitter:data1\" content=\"6 minuts\" \/>\n<!-- \/ Yoast SEO Premium plugin. -->",
    "yoast_head_json": {
        "title": "Cursos de coaching i PNL a Barcelona | Institut Anna Flors",
        "description": "Cursos de Coaching i PNL certificats internacionalment impartits per la trainer Anna Flores, entrenadora oficial de Richard Bandler a Barcelona.",
        "robots": {
            "index": "index",
            "follow": "follow",
            "max-snippet": "max-snippet:-1",
            "max-image-preview": "max-image-preview:large",
            "max-video-preview": "max-video-preview:-1"
        },
        "canonical": "https:\/\/www.annaflores.es\/todos-los-cursos\/",
        "og_locale": "ca_ES",
        "og_type": "article",
        "og_title": "Todos los cursos",
        "og_description": "Cursos de Coaching y PNL certificados internacionalmente impartidos por la trainer Anna Flores, entrenadora oficial de Richard Bandler en Barcelona.",
        "og_url": "https:\/\/www.annaflores.es\/todos-los-cursos\/",
        "og_site_name": "Anna Flores",
        "article_publisher": "https:\/\/www.facebook.com\/InstitutCoachingPNLAnnaFlores\/",
        "article_modified_time": "2026-04-11T12:42:34+00:00",
        "og_image": [
            {
                "width": 1748,
                "height": 1867,
                "url": "https:\/\/www.annaflores.es\/wp-content\/uploads\/AF3.jpg",
                "type": "image\/jpeg"
            }
        ],
        "twitter_card": "summary_large_image",
        "twitter_misc": {
            "Temps estimat de lectura": "6 minuts"
        },
        "schema": {
            "@context": "https:\/\/schema.org",
            "@graph": [
                {
                    "@type": "WebPage",
                    "@id": "https:\/\/www.annaflores.es\/todos-los-cursos\/",
                    "url": "https:\/\/www.annaflores.es\/todos-los-cursos\/",
                    "name": "Cursos de coaching i PNL a Barcelona | Institut Anna Flors",
                    "isPartOf": {
                        "@id": "https:\/\/annaflores.es\/#website"
                    },
                    "datePublished": "2015-09-13T18:10:40+00:00",
                    "dateModified": "2026-04-11T12:42:34+00:00",
                    "description": "Cursos de Coaching i PNL certificats internacionalment impartits per la trainer Anna Flores, entrenadora oficial de Richard Bandler a Barcelona.",
                    "breadcrumb": {
                        "@id": "https:\/\/www.annaflores.es\/todos-los-cursos\/#breadcrumb"
                    },
                    "inLanguage": "ca",
                    "potentialAction": [
                        {
                            "@type": "ReadAction",
                            "target": [
                                "https:\/\/www.annaflores.es\/todos-los-cursos\/"
                            ]
                        }
                    ]
                },
                {
                    "@type": "BreadcrumbList",
                    "@id": "https:\/\/www.annaflores.es\/todos-los-cursos\/#breadcrumb",
                    "itemListElement": [
                        {
                            "@type": "ListItem",
                            "position": 1,
                            "name": "Inicio",
                            "item": "https:\/\/annaflores.es\/"
                        },
                        {
                            "@type": "ListItem",
                            "position": 2,
                            "name": "Todos los cursos"
                        }
                    ]
                },
                {
                    "@type": "WebSite",
                    "@id": "https:\/\/annaflores.es\/#website",
                    "url": "https:\/\/annaflores.es\/",
                    "name": "Anna Flores",
                    "description": "Cursos de Coaching i PNL a Barcelona",
                    "publisher": {
                        "@id": "https:\/\/annaflores.es\/#organization"
                    },
                    "alternateName": "Institut Anna Flores",
                    "potentialAction": [
                        {
                            "@type": "SearchAction",
                            "target": {
                                "@type": "EntryPoint",
                                "urlTemplate": "https:\/\/annaflores.es\/?s={search_term_string}"
                            },
                            "query-input": {
                                "@type": "PropertyValueSpecification",
                                "valueRequired": true,
                                "valueName": "search_term_string"
                            }
                        }
                    ],
                    "inLanguage": "ca"
                },
                {
                    "@type": "Organization",
                    "@id": "https:\/\/annaflores.es\/#organization",
                    "name": "Institut Anna Flors",
                    "alternateName": "Anna Flores",
                    "url": "https:\/\/annaflores.es\/",
                    "logo": {
                        "@type": "ImageObject",
                        "inLanguage": "ca",
                        "@id": "https:\/\/annaflores.es\/#\/schema\/logo\/image\/",
                        "url": "https:\/\/annaflores.es\/wp-content\/uploads\/IAFCAT-BLAU-MES-INTENS_traspa-e1610467605488.png",
                        "contentUrl": "https:\/\/annaflores.es\/wp-content\/uploads\/IAFCAT-BLAU-MES-INTENS_traspa-e1610467605488.png",
                        "width": 200,
                        "height": 51,
                        "caption": "Instituto Anna Flores"
                    },
                    "image": {
                        "@id": "https:\/\/annaflores.es\/#\/schema\/logo\/image\/"
                    },
                    "sameAs": [
                        "https:\/\/www.facebook.com\/InstitutCoachingPNLAnnaFlores\/",
                        "https:\/\/www.instagram.com\/annafloresinstitut\/",
                        "https:\/\/www.linkedin.com\/in\/annaflorescoaching\/",
                        "https:\/\/www.youtube.com\/c\/InstitutodePNLyCoachingAnnaFlores"
                    ]
                }
            ]
        }
    },
    "_links": {
        "self": [
            {
                "href": "https:\/\/www.annaflores.es\/ca\/wp-json\/wp\/v2\/pages\/6457",
                "targetHints": {
                    "allow": [
                        "GET"
                    ]
                }
            }
        ],
        "collection": [
            {
                "href": "https:\/\/www.annaflores.es\/ca\/wp-json\/wp\/v2\/pages"
            }
        ],
        "about": [
            {
                "href": "https:\/\/www.annaflores.es\/ca\/wp-json\/wp\/v2\/types\/page"
            }
        ],
        "author": [
            {
                "embeddable": true,
                "href": "https:\/\/www.annaflores.es\/ca\/wp-json\/wp\/v2\/users\/2"
            }
        ],
        "replies": [
            {
                "embeddable": true,
                "href": "https:\/\/www.annaflores.es\/ca\/wp-json\/wp\/v2\/comments?post=6457"
            }
        ],
        "version-history": [
            {
                "count": 0,
                "href": "https:\/\/www.annaflores.es\/ca\/wp-json\/wp\/v2\/pages\/6457\/revisions"
            }
        ],
        "wp:attachment": [
            {
                "href": "https:\/\/www.annaflores.es\/ca\/wp-json\/wp\/v2\/media?parent=6457"
            }
        ],
        "curies": [
            {
                "name": "wp",
                "href": "https:\/\/api.w.org\/{rel}",
                "templated": true
            }
        ]
    }
}